{"id":12145,"date":"2023-08-02T02:59:58","date_gmt":"2023-08-01T23:59:58","guid":{"rendered":"https:\/\/theaestheticscenterturkey.co.uk\/de\/kendall-jenner-before-after\/"},"modified":"2024-09-30T12:13:50","modified_gmt":"2024-09-30T09:13:50","slug":"kendall-jenner-vorher-nachher","status":"publish","type":"post","link":"https:\/\/theaestheticscenterturkey.co.uk\/de\/kendall-jenner-vorher-nachher\/","title":{"rendered":"Kendall Jenner Vorher Nachher"},"content":{"rendered":"[vc_row type=&#8220;in_container&#8220; full_screen_row_position=&#8220;middle&#8220; column_margin=&#8220;default&#8220; equal_height=&#8220;yes&#8220; column_direction=&#8220;default&#8220; column_direction_tablet=&#8220;default&#8220; column_direction_phone=&#8220;default&#8220; scene_position=&#8220;center&#8220; text_color=&#8220;dark&#8220; text_align=&#8220;left&#8220; row_border_radius=&#8220;none&#8220; row_border_radius_applies=&#8220;bg&#8220; overflow=&#8220;visible&#8220; overlay_strength=&#8220;0.3&#8243; gradient_direction=&#8220;left_to_right&#8220; shape_divider_position=&#8220;bottom&#8220; bg_image_animation=&#8220;none&#8220; gradient_type=&#8220;default&#8220; shape_type=&#8220;&#8220;][vc_column column_padding=&#8220;no-extra-padding&#8220; column_padding_tablet=&#8220;inherit&#8220; column_padding_phone=&#8220;inherit&#8220; column_padding_position=&#8220;left-right&#8220; column_element_direction_desktop=&#8220;default&#8220; column_element_spacing=&#8220;40px&#8220; desktop_text_alignment=&#8220;default&#8220; tablet_text_alignment=&#8220;default&#8220; phone_text_alignment=&#8220;default&#8220; background_color_opacity=&#8220;1&#8243; background_hover_color_opacity=&#8220;1&#8243; column_backdrop_filter=&#8220;none&#8220; font_color=&#8220;#000000&#8243; column_shadow=&#8220;none&#8220; column_border_radius=&#8220;none&#8220; column_link_target=&#8220;_self&#8220; column_position=&#8220;default&#8220; gradient_direction=&#8220;left_to_right&#8220; overlay_strength=&#8220;0.3&#8243; width=&#8220;1\/1&#8243; tablet_width_inherit=&#8220;default&#8220; animation_type=&#8220;default&#8220; bg_image_animation=&#8220;none&#8220; border_type=&#8220;simple&#8220; column_border_width=&#8220;none&#8220; column_border_style=&#8220;solid&#8220; column_padding_type=&#8220;default&#8220; gradient_type=&#8220;default&#8220;][nectar_responsive_text font_size_desktop=&#8220;20&#8243; font_size_phone=&#8220;20&#8243; font_line_height=&#8220;1.1&#8243;]\n<h1 style=\"text-align: center;\">Kendall Jenner vor und nach der Operation<\/h1>\n[\/nectar_responsive_text][vc_row_inner equal_height=&#8220;yes&#8220; column_margin=&#8220;default&#8220; column_direction=&#8220;default&#8220; column_direction_tablet=&#8220;default&#8220; column_direction_phone=&#8220;default&#8220; text_align=&#8220;left&#8220; row_position=&#8220;default&#8220; row_position_tablet=&#8220;inherit&#8220; row_position_phone=&#8220;inherit&#8220; overflow=&#8220;visible&#8220; pointer_events=&#8220;all&#8220;][vc_column_inner column_padding=&#8220;no-extra-padding&#8220; column_padding_tablet=&#8220;inherit&#8220; column_padding_phone=&#8220;inherit&#8220; column_padding_position=&#8220;all&#8220; column_element_direction_desktop=&#8220;default&#8220; column_element_spacing=&#8220;default&#8220; desktop_text_alignment=&#8220;default&#8220; tablet_text_alignment=&#8220;default&#8220; phone_text_alignment=&#8220;default&#8220; background_color_opacity=&#8220;1&#8243; background_hover_color_opacity=&#8220;1&#8243; column_backdrop_filter=&#8220;none&#8220; column_shadow=&#8220;none&#8220; column_border_radius=&#8220;none&#8220; column_link_target=&#8220;_self&#8220; overflow=&#8220;visible&#8220; gradient_direction=&#8220;left_to_right&#8220; overlay_strength=&#8220;0.3&#8243; width=&#8220;1\/1&#8243; tablet_width_inherit=&#8220;default&#8220; animation_type=&#8220;default&#8220; bg_image_animation=&#8220;none&#8220; border_type=&#8220;simple&#8220; column_border_width=&#8220;none&#8220; column_border_style=&#8220;solid&#8220;][vc_column_text]\n<h3>Zeitlose Sch\u00f6nheit neu definiert: Kendall Jenners Vorher-Nachher-Geschichte.<\/h3>\n[\/vc_column_text][divider line_type=&#8220;No Line&#8220;][\/vc_column_inner][\/vc_row_inner][image_with_animation image_url=&#8220;7630&#8243; image_size=&#8220;large&#8220; animation_type=&#8220;entrance&#8220; animation=&#8220;None&#8220; animation_movement_type=&#8220;transform_y&#8220; hover_animation=&#8220;none&#8220; alignment=&#8220;&#8220; border_radius=&#8220;none&#8220; box_shadow=&#8220;none&#8220; image_loading=&#8220;default&#8220; max_width=&#8220;100%&#8220; max_width_mobile=&#8220;default&#8220;][vc_column_text]\n<h3>Dr. Ufuk Askeroglu antwortet, ob er glaubt, dass sich Kendall Jenner plastischen Operationen unterzogen hat:<\/h3>\n[\/vc_column_text][vc_column_text]Als <a href=\"https:\/\/ufukaskeroglu.com\/en\/about-me\/\">plastischer Chirurg<\/a> mit jahrelanger Erfahrung auf diesem Gebiet wurde ich von zahlreichen Patienten und Medien um eine Stellungnahme gebeten die Ger\u00fcchte \u00fcber Kendall Jenners Gesichtsoperationen. In den letzten Jahren gab es viele Spekulationen dar\u00fcber, ob sich Kendall Jenner kosmetischen Eingriffen unterzogen hat, um ihr Aussehen zu verbessern.[\/vc_column_text][image_with_animation image_url=&#8220;7626&#8243; image_size=&#8220;full&#8220; animation_type=&#8220;entrance&#8220; animation=&#8220;None&#8220; animation_movement_type=&#8220;transform_y&#8220; hover_animation=&#8220;none&#8220; alignment=&#8220;&#8220; border_radius=&#8220;none&#8220; box_shadow=&#8220;none&#8220; image_loading=&#8220;default&#8220; max_width=&#8220;100%&#8220; max_width_mobile=&#8220;default&#8220;][vc_column_text]\n<h3>Beruflicher Haftungsausschluss<\/h3>\n<p>Zun\u00e4chst ist es wichtig anzumerken, dass ich als Mediziner Spekulationen \u00fcber Kendall Jenners Operationen weder best\u00e4tigen noch dementieren kann, es sei denn, ich habe sie pers\u00f6nlich behandelt oder ihre Krankenakten \u00fcberpr\u00fcft. Basierend auf meinem Fachwissen und meiner Erfahrung auf diesem Gebiet und nach der Evaluierung von Kendall Jenners Vorhersage &amp; Nach den Fotos kann ich einige Einblicke in die m\u00f6glichen Eingriffe geben, denen sich Jenner m\u00f6glicherweise unterzogen hat.<\/p>\n<h3>Kendall Jenners Nasenkorrektur-Spekulation Kendall Jenner<\/h3>\n<p>Einer der h\u00e4ufigsten Eingriffe, f\u00fcr die sich Prominente entscheiden, ist die <a href=\"https:\/\/theaestheticscenterturkey.co.uk\/rhinoplasty-turkey\/\">Nasenkorrektur<\/a>, auch Nasenkorrektur genannt. Es wird spekuliert, dass sich Kendall Jenner diesem Eingriff unterzogen hat, da ihre Nase schlanker und definierter erscheint als in ihren fr\u00fcheren Jahren. Wenn dies zutrifft, wurde der Eingriff wahrscheinlich von einem erfahrenen Chirurgen durchgef\u00fchrt, der ein nat\u00fcrlich aussehendes Ergebnis erzielte.[\/vc_column_text][image_with_animation image_url=&#8220;7627&#8243; image_size=&#8220;full&#8220; animation_type=&#8220;entrance&#8220; animation=&#8220;None&#8220; animation_movement_type=&#8220;transform_y&#8220; hover_animation=&#8220;none&#8220; alignment=&#8220;&#8220; border_radius=&#8220;none&#8220; box_shadow=&#8220;none&#8220; image_loading=&#8220;default&#8220; max_width=&#8220;100%&#8220; max_width_mobile=&#8220;default&#8220;][vc_column_text]\n<h3>Kendall Jenners Lippenvergr\u00f6\u00dferungs-Spekulation Kendall Jenner<\/h3>\n<p>Ein weiteres m\u00f6gliches Verfahren ist die Lippenvergr\u00f6\u00dferung, bei der F\u00fcller in die Lippen injiziert werden, um deren Form und Gr\u00f6\u00dfe zu verbessern. Kendall Jenners Lippen scheinen voller zu sein als zuvor, was zu Spekulationen \u00fcber Lippenf\u00fcller gef\u00fchrt hat. Es ist jedoch auch m\u00f6glich, dass dies einfach auf clevere Make-up-Techniken zur\u00fcckzuf\u00fchren ist.<\/p>\n<h3>Kendall Jenners Kieferlinie-Definition und -Spekulation<\/h3>\n<p>Dar\u00fcber hinaus scheint Kendall Jenners <a href=\"https:\/\/theaestheticscenterturkey.co.uk\/facial-fillers\/\">Kieferlinie<\/a> definierter und kantiger zu sein als in der Vergangenheit, was zu Spekulationen gef\u00fchrt hat \u00fcber eine m\u00f6gliche Operation zur Kieferverkleinerung. Bei diesem Verfahren wird der Kiefer umgeformt, um ihm ein feminineres und zarteres Aussehen zu verleihen. Es ist jedoch wichtig zu beachten, dass Gewichtsver\u00e4nderungen und Make-up-Techniken sich auch auf das Erscheinungsbild der Kieferpartie auswirken k\u00f6nnen.[\/vc_column_text][image_with_animation image_url=&#8220;7628&#8243; image_size=&#8220;full&#8220; animation_type=&#8220;entrance&#8220; animation=&#8220;None&#8220; animation_movement_type=&#8220;transform_y&#8220; hover_animation=&#8220;none&#8220; alignment=&#8220;&#8220; border_radius=&#8220;none&#8220; box_shadow=&#8220;none&#8220; image_loading=&#8220;default&#8220; max_width=&#8220;100%&#8220; max_width_mobile=&#8220;default&#8220;][vc_column_text]\n<h3>Kendall Jenners Augenbrauenlift-Spekulation<\/h3>\n<p>Schlie\u00dflich wird auch spekuliert, dass sich Kendall Jenner einem <a href=\"https:\/\/theaestheticscenterturkey.co.uk\/endoscopic-medial-brow-lift\/\">Brauenlifting<\/a> unterzogen hat, um ihre Augenbrauen anzuheben und zu formen ein jugendlicheres Aussehen. Bei diesem Verfahren wird \u00fcbersch\u00fcssige Haut und Gewebe aus dem Stirnbereich entfernt, um die Augenbrauen anzuheben und das Auftreten von Falten zu reduzieren. Es ist jedoch wichtig zu beachten, dass auch die Verwendung von Botox und anderen Injektionsmitteln ein \u00e4hnliches Ergebnis erzielen kann.[\/vc_column_text][vc_column_text]\n<h3>\u00c4nderung des Aussehens im Laufe der Jahre (Kendall Jenner)<\/h3>\n<p>Zusammenfassend l\u00e4sst sich sagen, dass ich zwar nicht best\u00e4tigen oder leugnen kann, ob sich Kendall Jenner kosmetischen Eingriffen unterzogen hat, es ist jedoch klar, dass sich ihr Aussehen im Laufe der Jahre ver\u00e4ndert hat. Als plastischer Chirurg glaube ich, dass jeder kosmetische Eingriff von einem qualifizierten und erfahrenen Fachmann durchgef\u00fchrt werden sollte, der Wert auf nat\u00fcrlich aussehende Ergebnisse legt. F\u00fcr Patienten ist es wichtig, sich zu informieren und einen qualifizierten Chirurgen auszuw\u00e4hlen, der ihnen dabei helfen kann, die gew\u00fcnschten Ergebnisse sicher und effektiv zu erzielen.<\/p>\n<p>Aufrichtig,<\/p>\n<p>Dr. Ufuk Askeroglu<\/p>\n<p>T\u00fcrkischer plastischer Chirurg[\/vc_column_text][\/vc_column][\/vc_row][vc_row type=&#8220;in_container&#8220; full_screen_row_position=&#8220;middle&#8220; column_margin=&#8220;default&#8220; column_direction=&#8220;default&#8220; column_direction_tablet=&#8220;default&#8220; column_direction_phone=&#8220;default&#8220; scene_position=&#8220;center&#8220; text_color=&#8220;dark&#8220; text_align=&#8220;left&#8220; row_border_radius=&#8220;none&#8220; row_border_radius_applies=&#8220;bg&#8220; overflow=&#8220;visible&#8220; overlay_strength=&#8220;0.3&#8243; gradient_direction=&#8220;left_to_right&#8220; shape_divider_position=&#8220;bottom&#8220; bg_image_animation=&#8220;none&#8220;][vc_column column_padding=&#8220;no-extra-padding&#8220; column_padding_tablet=&#8220;inherit&#8220; column_padding_phone=&#8220;inherit&#8220; column_padding_position=&#8220;all&#8220; column_element_direction_desktop=&#8220;default&#8220; column_element_spacing=&#8220;default&#8220; desktop_text_alignment=&#8220;default&#8220; tablet_text_alignment=&#8220;default&#8220; phone_text_alignment=&#8220;default&#8220; background_color_opacity=&#8220;1&#8243; background_hover_color_opacity=&#8220;1&#8243; column_backdrop_filter=&#8220;none&#8220; column_shadow=&#8220;none&#8220; column_border_radius=&#8220;none&#8220; column_link_target=&#8220;_self&#8220; column_position=&#8220;default&#8220; gradient_direction=&#8220;left_to_right&#8220; overlay_strength=&#8220;0.3&#8243; width=&#8220;1\/1&#8243; tablet_width_inherit=&#8220;default&#8220; animation_type=&#8220;default&#8220; bg_image_animation=&#8220;none&#8220; border_type=&#8220;simple&#8220; column_border_width=&#8220;none&#8220; column_border_style=&#8220;solid&#8220;][vc_raw_html]JTVCaW5zdGFncmFtLWZlZWQlMjBmZWVkJTNEMSU1RA==[\/vc_raw_html][\/vc_column][\/vc_row]\n","protected":false},"excerpt":{"rendered":"<p>[vc_row type=&#8220;in_container&#8220; full_screen_row_position=&#8220;middle&#8220; column_margin=&#8220;default&#8220; equal_height=&#8220;yes&#8220; column_direction=&#8220;default&#8220; column_direction_tablet=&#8220;default&#8220; column_direction_phone=&#8220;default&#8220; scene_position=&#8220;center&#8220; text_color=&#8220;dark&#8220; text_align=&#8220;left&#8220; row_border_radius=&#8220;none&#8220; row_border_radius_applies=&#8220;bg&#8220; overflow=&#8220;visible&#8220; overlay_strength=&#8220;0.3&#8243; gradient_direction=&#8220;left_to_right&#8220; shape_divider_position=&#8220;bottom&#8220; bg_image_animation=&#8220;none&#8220; gradient_type=&#8220;default&#8220; shape_type=&#8220;&#8220;][vc_column column_padding=&#8220;no-extra-padding&#8220; column_padding_tablet=&#8220;inherit&#8220; column_padding_phone=&#8220;inherit&#8220; column_padding_position=&#8220;left-right&#8220; column_element_direction_desktop=&#8220;default&#8220; column_element_spacing=&#8220;40px&#8220; desktop_text_alignment=&#8220;default&#8220; tablet_text_alignment=&#8220;default&#8220; phone_text_alignment=&#8220;default&#8220; background_color_opacity=&#8220;1&#8243;&#8230;<\/p>\n","protected":false},"author":1,"featured_media":15425,"comment_status":"open","ping_status":"open","sticky":false,"template":"","format":"standard","meta":{"_joinchat":{"telephone":"+447354810109"},"footnotes":""},"categories":[85],"tags":[],"class_list":{"0":"post-12145","1":"post","2":"type-post","3":"status-publish","4":"format-standard","5":"has-post-thumbnail","7":"category-unkategorisiert"},"yoast_head":"<!-- This site is optimized with the Yoast SEO plugin v27.4 - https:\/\/yoast.com\/product\/yoast-seo-wordpress\/ -->\n<title>Kendall Jenner Vorher Nachher - Aesthetic Center Turkey<\/title>\n<meta name=\"description\" content=\"Dr. Ufuk Askeroglu antwortet, ob er glaubt, dass Kendall Jenner sich einer plastischen Operation unterzogen hat. Kendall Jenner Vorher Nachher\" \/>\n<meta name=\"robots\" content=\"index, follow, max-snippet:-1, max-image-preview:large, max-video-preview:-1\" \/>\n<link rel=\"canonical\" href=\"https:\/\/theaestheticscenterturkey.co.uk\/de\/kendall-jenner-vorher-nachher\/\" \/>\n<meta property=\"og:locale\" content=\"de_DE\" \/>\n<meta property=\"og:type\" content=\"article\" \/>\n<meta property=\"og:title\" content=\"Kendall Jenner Vorher Nachher - Aesthetic Center Turkey\" \/>\n<meta property=\"og:description\" content=\"Dr. Ufuk Askeroglu antwortet, ob er glaubt, dass Kendall Jenner sich einer plastischen Operation unterzogen hat. Kendall Jenner Vorher Nachher\" \/>\n<meta property=\"og:url\" content=\"https:\/\/theaestheticscenterturkey.co.uk\/de\/kendall-jenner-vorher-nachher\/\" \/>\n<meta property=\"og:site_name\" content=\"Aesthetic Center Turkey\" \/>\n<meta property=\"article:publisher\" content=\"https:\/\/www.facebook.com\/profile.php?id=61553577504457\" \/>\n<meta property=\"article:published_time\" content=\"2023-08-01T23:59:58+00:00\" \/>\n<meta property=\"article:modified_time\" content=\"2024-09-30T09:13:50+00:00\" \/>\n<meta property=\"og:image\" content=\"https:\/\/theaestheticscenterturkey.co.uk\/wp-content\/uploads\/2023\/08\/4-scaled-e1690934598736.jpg\" \/>\n\t<meta property=\"og:image:width\" content=\"1200\" \/>\n\t<meta property=\"og:image:height\" content=\"812\" \/>\n\t<meta property=\"og:image:type\" content=\"image\/jpeg\" \/>\n<meta name=\"author\" content=\"admin\" \/>\n<meta name=\"twitter:card\" content=\"summary_large_image\" \/>\n<meta name=\"twitter:label1\" content=\"Verfasst von\" \/>\n\t<meta name=\"twitter:data1\" content=\"admin\" \/>\n\t<meta name=\"twitter:label2\" content=\"Gesch\u00e4tzte Lesezeit\" \/>\n\t<meta name=\"twitter:data2\" content=\"4\u00a0Minuten\" \/>\n<script type=\"application\/ld+json\" class=\"yoast-schema-graph\">{\"@context\":\"https:\\\/\\\/schema.org\",\"@graph\":[{\"@type\":\"Article\",\"@id\":\"https:\\\/\\\/theaestheticscenterturkey.co.uk\\\/de\\\/kendall-jenner-vorher-nachher\\\/#article\",\"isPartOf\":{\"@id\":\"https:\\\/\\\/theaestheticscenterturkey.co.uk\\\/de\\\/kendall-jenner-vorher-nachher\\\/\"},\"author\":{\"name\":\"admin\",\"@id\":\"https:\\\/\\\/theaestheticscenterturkey.co.uk\\\/#\\\/schema\\\/person\\\/2ba5e5621d0381aa63b887fac1135f36\"},\"headline\":\"Kendall Jenner Vorher Nachher\",\"datePublished\":\"2023-08-01T23:59:58+00:00\",\"dateModified\":\"2024-09-30T09:13:50+00:00\",\"mainEntityOfPage\":{\"@id\":\"https:\\\/\\\/theaestheticscenterturkey.co.uk\\\/de\\\/kendall-jenner-vorher-nachher\\\/\"},\"wordCount\":1229,\"commentCount\":0,\"publisher\":{\"@id\":\"https:\\\/\\\/theaestheticscenterturkey.co.uk\\\/#organization\"},\"image\":{\"@id\":\"https:\\\/\\\/theaestheticscenterturkey.co.uk\\\/de\\\/kendall-jenner-vorher-nachher\\\/#primaryimage\"},\"thumbnailUrl\":\"https:\\\/\\\/theaestheticscenterturkey.co.uk\\\/wp-content\\\/uploads\\\/2023\\\/08\\\/4-scaled-e1690934598736.jpg\",\"articleSection\":[\"Unkategorisiert\"],\"inLanguage\":\"de\"},{\"@type\":\"WebPage\",\"@id\":\"https:\\\/\\\/theaestheticscenterturkey.co.uk\\\/de\\\/kendall-jenner-vorher-nachher\\\/\",\"url\":\"https:\\\/\\\/theaestheticscenterturkey.co.uk\\\/de\\\/kendall-jenner-vorher-nachher\\\/\",\"name\":\"Kendall Jenner Vorher Nachher - Aesthetic Center Turkey\",\"isPartOf\":{\"@id\":\"https:\\\/\\\/theaestheticscenterturkey.co.uk\\\/#website\"},\"primaryImageOfPage\":{\"@id\":\"https:\\\/\\\/theaestheticscenterturkey.co.uk\\\/de\\\/kendall-jenner-vorher-nachher\\\/#primaryimage\"},\"image\":{\"@id\":\"https:\\\/\\\/theaestheticscenterturkey.co.uk\\\/de\\\/kendall-jenner-vorher-nachher\\\/#primaryimage\"},\"thumbnailUrl\":\"https:\\\/\\\/theaestheticscenterturkey.co.uk\\\/wp-content\\\/uploads\\\/2023\\\/08\\\/4-scaled-e1690934598736.jpg\",\"datePublished\":\"2023-08-01T23:59:58+00:00\",\"dateModified\":\"2024-09-30T09:13:50+00:00\",\"description\":\"Dr. Ufuk Askeroglu antwortet, ob er glaubt, dass Kendall Jenner sich einer plastischen Operation unterzogen hat. Kendall Jenner Vorher Nachher\",\"breadcrumb\":{\"@id\":\"https:\\\/\\\/theaestheticscenterturkey.co.uk\\\/de\\\/kendall-jenner-vorher-nachher\\\/#breadcrumb\"},\"inLanguage\":\"de\",\"potentialAction\":[{\"@type\":\"ReadAction\",\"target\":[\"https:\\\/\\\/theaestheticscenterturkey.co.uk\\\/de\\\/kendall-jenner-vorher-nachher\\\/\"]}]},{\"@type\":\"ImageObject\",\"inLanguage\":\"de\",\"@id\":\"https:\\\/\\\/theaestheticscenterturkey.co.uk\\\/de\\\/kendall-jenner-vorher-nachher\\\/#primaryimage\",\"url\":\"https:\\\/\\\/theaestheticscenterturkey.co.uk\\\/wp-content\\\/uploads\\\/2023\\\/08\\\/4-scaled-e1690934598736.jpg\",\"contentUrl\":\"https:\\\/\\\/theaestheticscenterturkey.co.uk\\\/wp-content\\\/uploads\\\/2023\\\/08\\\/4-scaled-e1690934598736.jpg\",\"width\":1200,\"height\":812,\"caption\":\"Kendall Jenner Before & After Plastic Suregry\"},{\"@type\":\"BreadcrumbList\",\"@id\":\"https:\\\/\\\/theaestheticscenterturkey.co.uk\\\/de\\\/kendall-jenner-vorher-nachher\\\/#breadcrumb\",\"itemListElement\":[{\"@type\":\"ListItem\",\"position\":1,\"name\":\"Home\",\"item\":\"https:\\\/\\\/theaestheticscenterturkey.co.uk\\\/de\\\/\"},{\"@type\":\"ListItem\",\"position\":2,\"name\":\"Kendall Jenner Vorher Nachher\"}]},{\"@type\":\"WebSite\",\"@id\":\"https:\\\/\\\/theaestheticscenterturkey.co.uk\\\/#website\",\"url\":\"https:\\\/\\\/theaestheticscenterturkey.co.uk\\\/\",\"name\":\"The Aesthetics Center Turkey\",\"description\":\"\",\"publisher\":{\"@id\":\"https:\\\/\\\/theaestheticscenterturkey.co.uk\\\/#organization\"},\"potentialAction\":[{\"@type\":\"SearchAction\",\"target\":{\"@type\":\"EntryPoint\",\"urlTemplate\":\"https:\\\/\\\/theaestheticscenterturkey.co.uk\\\/?s={search_term_string}\"},\"query-input\":{\"@type\":\"PropertyValueSpecification\",\"valueRequired\":true,\"valueName\":\"search_term_string\"}}],\"inLanguage\":\"de\"},{\"@type\":\"Organization\",\"@id\":\"https:\\\/\\\/theaestheticscenterturkey.co.uk\\\/#organization\",\"name\":\"The Aesthetics Center Turkey\",\"url\":\"https:\\\/\\\/theaestheticscenterturkey.co.uk\\\/\",\"logo\":{\"@type\":\"ImageObject\",\"inLanguage\":\"de\",\"@id\":\"https:\\\/\\\/theaestheticscenterturkey.co.uk\\\/#\\\/schema\\\/logo\\\/image\\\/\",\"url\":\"https:\\\/\\\/theaestheticscenterturkey.co.uk\\\/wp-content\\\/uploads\\\/2023\\\/11\\\/logo-01-1-e1699660756266.png\",\"contentUrl\":\"https:\\\/\\\/theaestheticscenterturkey.co.uk\\\/wp-content\\\/uploads\\\/2023\\\/11\\\/logo-01-1-e1699660756266.png\",\"width\":3500,\"height\":1449,\"caption\":\"The Aesthetics Center Turkey\"},\"image\":{\"@id\":\"https:\\\/\\\/theaestheticscenterturkey.co.uk\\\/#\\\/schema\\\/logo\\\/image\\\/\"},\"sameAs\":[\"https:\\\/\\\/www.facebook.com\\\/profile.php?id=61553577504457\",\"https:\\\/\\\/www.instagram.com\\\/aestheticscenterturkey\\\/\"]},{\"@type\":\"Person\",\"@id\":\"https:\\\/\\\/theaestheticscenterturkey.co.uk\\\/#\\\/schema\\\/person\\\/2ba5e5621d0381aa63b887fac1135f36\",\"name\":\"admin\",\"sameAs\":[\"http:\\\/\\\/moddbeta.xyz\\\/aestheticstore\"],\"url\":\"https:\\\/\\\/theaestheticscenterturkey.co.uk\\\/de\\\/author\\\/admin\\\/\"}]}<\/script>\n<!-- \/ Yoast SEO plugin. -->","yoast_head_json":{"title":"Kendall Jenner Vorher Nachher - Aesthetic Center Turkey","description":"Dr. Ufuk Askeroglu antwortet, ob er glaubt, dass Kendall Jenner sich einer plastischen Operation unterzogen hat. Kendall Jenner Vorher Nachher","robots":{"index":"index","follow":"follow","max-snippet":"max-snippet:-1","max-image-preview":"max-image-preview:large","max-video-preview":"max-video-preview:-1"},"canonical":"https:\/\/theaestheticscenterturkey.co.uk\/de\/kendall-jenner-vorher-nachher\/","og_locale":"de_DE","og_type":"article","og_title":"Kendall Jenner Vorher Nachher - Aesthetic Center Turkey","og_description":"Dr. Ufuk Askeroglu antwortet, ob er glaubt, dass Kendall Jenner sich einer plastischen Operation unterzogen hat. Kendall Jenner Vorher Nachher","og_url":"https:\/\/theaestheticscenterturkey.co.uk\/de\/kendall-jenner-vorher-nachher\/","og_site_name":"Aesthetic Center Turkey","article_publisher":"https:\/\/www.facebook.com\/profile.php?id=61553577504457","article_published_time":"2023-08-01T23:59:58+00:00","article_modified_time":"2024-09-30T09:13:50+00:00","og_image":[{"width":1200,"height":812,"url":"https:\/\/theaestheticscenterturkey.co.uk\/wp-content\/uploads\/2023\/08\/4-scaled-e1690934598736.jpg","type":"image\/jpeg"}],"author":"admin","twitter_card":"summary_large_image","twitter_misc":{"Verfasst von":"admin","Gesch\u00e4tzte Lesezeit":"4\u00a0Minuten"},"schema":{"@context":"https:\/\/schema.org","@graph":[{"@type":"Article","@id":"https:\/\/theaestheticscenterturkey.co.uk\/de\/kendall-jenner-vorher-nachher\/#article","isPartOf":{"@id":"https:\/\/theaestheticscenterturkey.co.uk\/de\/kendall-jenner-vorher-nachher\/"},"author":{"name":"admin","@id":"https:\/\/theaestheticscenterturkey.co.uk\/#\/schema\/person\/2ba5e5621d0381aa63b887fac1135f36"},"headline":"Kendall Jenner Vorher Nachher","datePublished":"2023-08-01T23:59:58+00:00","dateModified":"2024-09-30T09:13:50+00:00","mainEntityOfPage":{"@id":"https:\/\/theaestheticscenterturkey.co.uk\/de\/kendall-jenner-vorher-nachher\/"},"wordCount":1229,"commentCount":0,"publisher":{"@id":"https:\/\/theaestheticscenterturkey.co.uk\/#organization"},"image":{"@id":"https:\/\/theaestheticscenterturkey.co.uk\/de\/kendall-jenner-vorher-nachher\/#primaryimage"},"thumbnailUrl":"https:\/\/theaestheticscenterturkey.co.uk\/wp-content\/uploads\/2023\/08\/4-scaled-e1690934598736.jpg","articleSection":["Unkategorisiert"],"inLanguage":"de"},{"@type":"WebPage","@id":"https:\/\/theaestheticscenterturkey.co.uk\/de\/kendall-jenner-vorher-nachher\/","url":"https:\/\/theaestheticscenterturkey.co.uk\/de\/kendall-jenner-vorher-nachher\/","name":"Kendall Jenner Vorher Nachher - Aesthetic Center Turkey","isPartOf":{"@id":"https:\/\/theaestheticscenterturkey.co.uk\/#website"},"primaryImageOfPage":{"@id":"https:\/\/theaestheticscenterturkey.co.uk\/de\/kendall-jenner-vorher-nachher\/#primaryimage"},"image":{"@id":"https:\/\/theaestheticscenterturkey.co.uk\/de\/kendall-jenner-vorher-nachher\/#primaryimage"},"thumbnailUrl":"https:\/\/theaestheticscenterturkey.co.uk\/wp-content\/uploads\/2023\/08\/4-scaled-e1690934598736.jpg","datePublished":"2023-08-01T23:59:58+00:00","dateModified":"2024-09-30T09:13:50+00:00","description":"Dr. Ufuk Askeroglu antwortet, ob er glaubt, dass Kendall Jenner sich einer plastischen Operation unterzogen hat. Kendall Jenner Vorher Nachher","breadcrumb":{"@id":"https:\/\/theaestheticscenterturkey.co.uk\/de\/kendall-jenner-vorher-nachher\/#breadcrumb"},"inLanguage":"de","potentialAction":[{"@type":"ReadAction","target":["https:\/\/theaestheticscenterturkey.co.uk\/de\/kendall-jenner-vorher-nachher\/"]}]},{"@type":"ImageObject","inLanguage":"de","@id":"https:\/\/theaestheticscenterturkey.co.uk\/de\/kendall-jenner-vorher-nachher\/#primaryimage","url":"https:\/\/theaestheticscenterturkey.co.uk\/wp-content\/uploads\/2023\/08\/4-scaled-e1690934598736.jpg","contentUrl":"https:\/\/theaestheticscenterturkey.co.uk\/wp-content\/uploads\/2023\/08\/4-scaled-e1690934598736.jpg","width":1200,"height":812,"caption":"Kendall Jenner Before & After Plastic Suregry"},{"@type":"BreadcrumbList","@id":"https:\/\/theaestheticscenterturkey.co.uk\/de\/kendall-jenner-vorher-nachher\/#breadcrumb","itemListElement":[{"@type":"ListItem","position":1,"name":"Home","item":"https:\/\/theaestheticscenterturkey.co.uk\/de\/"},{"@type":"ListItem","position":2,"name":"Kendall Jenner Vorher Nachher"}]},{"@type":"WebSite","@id":"https:\/\/theaestheticscenterturkey.co.uk\/#website","url":"https:\/\/theaestheticscenterturkey.co.uk\/","name":"The Aesthetics Center Turkey","description":"","publisher":{"@id":"https:\/\/theaestheticscenterturkey.co.uk\/#organization"},"potentialAction":[{"@type":"SearchAction","target":{"@type":"EntryPoint","urlTemplate":"https:\/\/theaestheticscenterturkey.co.uk\/?s={search_term_string}"},"query-input":{"@type":"PropertyValueSpecification","valueRequired":true,"valueName":"search_term_string"}}],"inLanguage":"de"},{"@type":"Organization","@id":"https:\/\/theaestheticscenterturkey.co.uk\/#organization","name":"The Aesthetics Center Turkey","url":"https:\/\/theaestheticscenterturkey.co.uk\/","logo":{"@type":"ImageObject","inLanguage":"de","@id":"https:\/\/theaestheticscenterturkey.co.uk\/#\/schema\/logo\/image\/","url":"https:\/\/theaestheticscenterturkey.co.uk\/wp-content\/uploads\/2023\/11\/logo-01-1-e1699660756266.png","contentUrl":"https:\/\/theaestheticscenterturkey.co.uk\/wp-content\/uploads\/2023\/11\/logo-01-1-e1699660756266.png","width":3500,"height":1449,"caption":"The Aesthetics Center Turkey"},"image":{"@id":"https:\/\/theaestheticscenterturkey.co.uk\/#\/schema\/logo\/image\/"},"sameAs":["https:\/\/www.facebook.com\/profile.php?id=61553577504457","https:\/\/www.instagram.com\/aestheticscenterturkey\/"]},{"@type":"Person","@id":"https:\/\/theaestheticscenterturkey.co.uk\/#\/schema\/person\/2ba5e5621d0381aa63b887fac1135f36","name":"admin","sameAs":["http:\/\/moddbeta.xyz\/aestheticstore"],"url":"https:\/\/theaestheticscenterturkey.co.uk\/de\/author\/admin\/"}]}},"_links":{"self":[{"href":"https:\/\/theaestheticscenterturkey.co.uk\/de\/wp-json\/wp\/v2\/posts\/12145","targetHints":{"allow":["GET"]}}],"collection":[{"href":"https:\/\/theaestheticscenterturkey.co.uk\/de\/wp-json\/wp\/v2\/posts"}],"about":[{"href":"https:\/\/theaestheticscenterturkey.co.uk\/de\/wp-json\/wp\/v2\/types\/post"}],"author":[{"embeddable":true,"href":"https:\/\/theaestheticscenterturkey.co.uk\/de\/wp-json\/wp\/v2\/users\/1"}],"replies":[{"embeddable":true,"href":"https:\/\/theaestheticscenterturkey.co.uk\/de\/wp-json\/wp\/v2\/comments?post=12145"}],"version-history":[{"count":2,"href":"https:\/\/theaestheticscenterturkey.co.uk\/de\/wp-json\/wp\/v2\/posts\/12145\/revisions"}],"predecessor-version":[{"id":12154,"href":"https:\/\/theaestheticscenterturkey.co.uk\/de\/wp-json\/wp\/v2\/posts\/12145\/revisions\/12154"}],"wp:featuredmedia":[{"embeddable":true,"href":"https:\/\/theaestheticscenterturkey.co.uk\/de\/wp-json\/wp\/v2\/media\/15425"}],"wp:attachment":[{"href":"https:\/\/theaestheticscenterturkey.co.uk\/de\/wp-json\/wp\/v2\/media?parent=12145"}],"wp:term":[{"taxonomy":"category","embeddable":true,"href":"https:\/\/theaestheticscenterturkey.co.uk\/de\/wp-json\/wp\/v2\/categories?post=12145"},{"taxonomy":"post_tag","embeddable":true,"href":"https:\/\/theaestheticscenterturkey.co.uk\/de\/wp-json\/wp\/v2\/tags?post=12145"}],"curies":[{"name":"wp","href":"https:\/\/api.w.org\/{rel}","templated":true}]}}