{"id":12148,"date":"2023-08-02T02:59:58","date_gmt":"2023-08-01T23:59:58","guid":{"rendered":"https:\/\/theaestheticscenterturkey.co.uk\/es\/kendall-jenner-before-after\/"},"modified":"2024-08-27T15:04:31","modified_gmt":"2024-08-27T12:04:31","slug":"kendall-jenner-antes-despues","status":"publish","type":"post","link":"https:\/\/theaestheticscenterturkey.co.uk\/es\/kendall-jenner-antes-despues\/","title":{"rendered":"Kendall Jenner Antes Despu\u00e9s"},"content":{"rendered":"[vc_row type=\u00bbin_container\u00bb full_screen_row_position=\u00bbmiddle\u00bb column_margin=\u00bbdefault\u00bb equal_height=\u00bbyes\u00bb column_direction=\u00bbdefault\u00bb column_direction_tablet=\u00bbdefault\u00bb column_direction_phone=\u00bbdefault\u00bb scene_position=\u00bbcenter\u00bb text_color=\u00bbdark\u00bb text_align=\u00bbleft\u00bb row_border_radius=\u00bbnone\u00bb row_border_radius_applies=\u00bbbg\u00bb overflow=\u00bbvisible\u00bb overlay_strength=\u00bb0.3&#8243; gradient_direction=\u00bbleft_to_right\u00bb shape_divider_position=\u00bbbottom\u00bb bg_image_animation=\u00bbnone\u00bb gradient_type=\u00bbdefault\u00bb shape_type=\u00bb\u00bb][vc_column column_padding=\u00bbno-extra-padding\u00bb column_padding_tablet=\u00bbinherit\u00bb column_padding_phone=\u00bbinherit\u00bb column_padding_position=\u00bbleft-right\u00bb column_element_direction_desktop=\u00bbdefault\u00bb column_element_spacing=\u00bb40px\u00bb desktop_text_alignment=\u00bbdefault\u00bb tablet_text_alignment=\u00bbdefault\u00bb phone_text_alignment=\u00bbdefault\u00bb background_color_opacity=\u00bb1&#8243; background_hover_color_opacity=\u00bb1&#8243; column_backdrop_filter=\u00bbnone\u00bb font_color=\u00bb#000000&#8243; column_shadow=\u00bbnone\u00bb column_border_radius=\u00bbnone\u00bb column_link_target=\u00bb_self\u00bb column_position=\u00bbdefault\u00bb gradient_direction=\u00bbleft_to_right\u00bb overlay_strength=\u00bb0.3&#8243; width=\u00bb1\/1&#8243; tablet_width_inherit=\u00bbdefault\u00bb animation_type=\u00bbdefault\u00bb bg_image_animation=\u00bbnone\u00bb border_type=\u00bbsimple\u00bb column_border_width=\u00bbnone\u00bb column_border_style=\u00bbsolid\u00bb column_padding_type=\u00bbdefault\u00bb gradient_type=\u00bbdefault\u00bb][nectar_responsive_text font_size_desktop=\u00bb20&#8243; font_size_phone=\u00bb20&#8243; font_line_height=\u00bb1.1&#8243;]\n<h1 style=\"text-align: center;\">Kendall Jenner antes y despu\u00e9s de la cirug\u00eda<\/h1>\n[\/nectar_responsive_text][vc_row_inner equal_height=\u00bbyes\u00bb column_margin=\u00bbdefault\u00bb column_direction=\u00bbdefault\u00bb column_direction_tablet=\u00bbdefault\u00bb column_direction_phone=\u00bbdefault\u00bb text_align=\u00bbleft\u00bb row_position=\u00bbdefault\u00bb row_position_tablet=\u00bbinherit\u00bb row_position_phone=\u00bbinherit\u00bb overflow=\u00bbvisible\u00bb pointer_events=\u00bball\u00bb][vc_column_inner column_padding=\u00bbno-extra-padding\u00bb column_padding_tablet=\u00bbinherit\u00bb column_padding_phone=\u00bbinherit\u00bb column_padding_position=\u00bball\u00bb column_element_direction_desktop=\u00bbdefault\u00bb column_element_spacing=\u00bbdefault\u00bb desktop_text_alignment=\u00bbdefault\u00bb tablet_text_alignment=\u00bbdefault\u00bb phone_text_alignment=\u00bbdefault\u00bb background_color_opacity=\u00bb1&#8243; background_hover_color_opacity=\u00bb1&#8243; column_backdrop_filter=\u00bbnone\u00bb column_shadow=\u00bbnone\u00bb column_border_radius=\u00bbnone\u00bb column_link_target=\u00bb_self\u00bb overflow=\u00bbvisible\u00bb gradient_direction=\u00bbleft_to_right\u00bb overlay_strength=\u00bb0.3&#8243; width=\u00bb1\/1&#8243; tablet_width_inherit=\u00bbdefault\u00bb animation_type=\u00bbdefault\u00bb bg_image_animation=\u00bbnone\u00bb border_type=\u00bbsimple\u00bb column_border_width=\u00bbnone\u00bb column_border_style=\u00bbsolid\u00bb][vc_column_text]\n<h3><strong><em>Timeless Beauty Redefined: Kendall Jenner&#8217;s Before &amp; After Tale.<\/em><\/strong><\/h3>\n[\/vc_column_text][divider line_type=\u00bbNo Line\u00bb][\/vc_column_inner][\/vc_row_inner][image_with_animation image_url=\u00bb7630&#8243; image_size=\u00bblarge\u00bb animation_type=\u00bbentrance\u00bb animation=\u00bbNone\u00bb animation_movement_type=\u00bbtransform_y\u00bb hover_animation=\u00bbnone\u00bb alignment=\u00bb\u00bb border_radius=\u00bbnone\u00bb box_shadow=\u00bbnone\u00bb image_loading=\u00bbdefault\u00bb max_width=\u00bb100%\u00bb max_width_mobile=\u00bbdefault\u00bb][vc_column_text]\n<h3>El Dr. Ufuk Askeroglu responde si cree que Kendall Jenner se ha sometido a alguna cirug\u00eda pl\u00e1stica:<\/h3>\n[\/vc_column_text][vc_column_text]Como <a href=\"https:\/\/ufukaskeroglu.com\/en\/about-me\/\">cirujano pl\u00e1stico<\/a> con a\u00f1os de experiencia en el campo, numerosos pacientes y medios de comunicaci\u00f3n me han pedido que comente sobre los rumores sobre las cirug\u00edas faciales de Kendall Jenner. En los \u00faltimos a\u00f1os se ha especulado mucho sobre si Kendall Jenner se ha sometido o no a procedimientos cosm\u00e9ticos para mejorar su apariencia.[\/vc_column_text][image_with_animation image_url=\u00bb7626&#8243; image_size=\u00bbfull\u00bb animation_type=\u00bbentrance\u00bb animation=\u00bbNone\u00bb animation_movement_type=\u00bbtransform_y\u00bb hover_animation=\u00bbnone\u00bb alignment=\u00bb\u00bb border_radius=\u00bbnone\u00bb box_shadow=\u00bbnone\u00bb image_loading=\u00bbdefault\u00bb max_width=\u00bb100%\u00bb max_width_mobile=\u00bbdefault\u00bb][vc_column_text]\n<h3>Descargo de responsabilidad profesional<\/h3>\n<p>En primer lugar, es importante se\u00f1alar que, como profesional m\u00e9dico, no puedo confirmar ni negar ninguna especulaci\u00f3n sobre las cirug\u00edas de Kendall Jenner a menos que la haya tratado personalmente o haya revisado su historial m\u00e9dico. Sin embargo, seg\u00fan mis conocimientos y experiencia en el campo y despu\u00e9s de evaluar el proceso previo y posterior de Kendall Jenner. Despu\u00e9s de las fotos, puedo ofrecer algunas ideas sobre los posibles procedimientos a los que Jenner pudo haberse sometido.<\/p>\n<h3>La especulaci\u00f3n sobre la rinoplastia de Kendall Jenner Kendall Jenner<\/h3>\n<p>Uno de los procedimientos m\u00e1s comunes por los que optan las celebridades es la <a href=\"https:\/\/theaestheticscenterturkey.co.uk\/rhinoplasty-turkey\/\">rinoplastia<\/a>, tambi\u00e9n conocida como cirug\u00eda de nariz. Se especula que Kendall Jenner pudo haberse sometido a este procedimiento ya que su nariz parece m\u00e1s delgada y definida que en sus a\u00f1os anteriores. Si esto es cierto, es probable que el procedimiento haya sido realizado por un cirujano experto que logr\u00f3 un resultado de apariencia natural.[\/vc_column_text][image_with_animation image_url=\u00bb7627&#8243; image_size=\u00bbfull\u00bb animation_type=\u00bbentrance\u00bb animation=\u00bbNone\u00bb animation_movement_type=\u00bbtransform_y\u00bb hover_animation=\u00bbnone\u00bb alignment=\u00bb\u00bb border_radius=\u00bbnone\u00bb box_shadow=\u00bbnone\u00bb image_loading=\u00bbdefault\u00bb max_width=\u00bb100%\u00bb max_width_mobile=\u00bbdefault\u00bb][vc_column_text]\n<h3>Especulaci\u00f3n sobre el aumento de labios de Kendall Jenner Kendall Jenner<\/h3>\n<p>Otro procedimiento posible es el aumento de labios, que consiste en inyectar rellenos en los labios para mejorar su forma y tama\u00f1o. Los labios de Kendall Jenner parecen estar m\u00e1s llenos que antes, lo que ha llevado a especulaciones sobre los rellenos labiales. Sin embargo, tambi\u00e9n es posible que esto sea simplemente el resultado de t\u00e9cnicas de maquillaje inteligentes.<\/p>\n<h3>Definici\u00f3n y especulaciones sobre la l\u00ednea de la mand\u00edbula de Kendall Jenner<\/h3>\n<p>Adem\u00e1s, la <a href=\"https:\/\/theaestheticscenterturkey.co.uk\/facial-fillers\/\">l\u00ednea de la mand\u00edbula<\/a> de Kendall Jenner parece ser m\u00e1s definida y angular que en el pasado, lo que ha llevado a especulaciones. sobre una posible cirug\u00eda de reducci\u00f3n de la l\u00ednea de la mand\u00edbula. Este procedimiento consiste en remodelar la mand\u00edbula para crear una apariencia m\u00e1s femenina y delicada. Sin embargo, es importante tener en cuenta que los cambios de peso y las t\u00e9cnicas de maquillaje tambi\u00e9n pueden afectar la apariencia de la mand\u00edbula.[\/vc_column_text][image_with_animation image_url=\u00bb7628&#8243; image_size=\u00bbfull\u00bb animation_type=\u00bbentrance\u00bb animation=\u00bbNone\u00bb animation_movement_type=\u00bbtransform_y\u00bb hover_animation=\u00bbnone\u00bb alignment=\u00bb\u00bb border_radius=\u00bbnone\u00bb box_shadow=\u00bbnone\u00bb image_loading=\u00bbdefault\u00bb max_width=\u00bb100%\u00bb max_width_mobile=\u00bbdefault\u00bb][vc_column_text]\n<h3>Especulaci\u00f3n sobre el lifting de cejas de Kendall Jenner<\/h3>\n<p>Finalmente, tambi\u00e9n se especula que Kendall Jenner pudo haberse sometido a un <a href=\"https:\/\/theaestheticscenterturkey.co.uk\/endoscopic-medial-brow-lift\/\">levantamiento de cejas<\/a> para levantar las cejas y crear una apariencia m\u00e1s juvenil. Este procedimiento consiste en eliminar el exceso de piel y tejido del \u00e1rea de la frente para levantar las cejas y reducir la aparici\u00f3n de arrugas. Sin embargo, es importante se\u00f1alar que el uso de Botox y otros inyectables tambi\u00e9n puede lograr un resultado similar.[\/vc_column_text][vc_column_text]\n<h3>Apariencia cambiante a lo largo de los a\u00f1os (Kendall Jenner)<\/h3>\n<p>En conclusi\u00f3n, si bien no puedo confirmar ni negar si Kendall Jenner se ha sometido a alg\u00fan procedimiento cosm\u00e9tico, est\u00e1 claro que su apariencia ha cambiado a lo largo de los a\u00f1os. Como cirujano pl\u00e1stico, creo que cualquier procedimiento cosm\u00e9tico debe ser realizado por un profesional capacitado y experimentado que priorice resultados de apariencia natural. Es importante que los pacientes investiguen y elijan un cirujano calificado que pueda ayudarlos a lograr los resultados deseados de manera segura y efectiva.<\/p>\n<p>Atentamente,<\/p>\n<p>Dr. Ufuk Askeroglu<\/p>\n<p>Cirujano pl\u00e1stico turco[\/vc_column_text][\/vc_column][\/vc_row][vc_row type=\u00bbin_container\u00bb full_screen_row_position=\u00bbmiddle\u00bb column_margin=\u00bbdefault\u00bb column_direction=\u00bbdefault\u00bb column_direction_tablet=\u00bbdefault\u00bb column_direction_phone=\u00bbdefault\u00bb scene_position=\u00bbcenter\u00bb text_color=\u00bbdark\u00bb text_align=\u00bbleft\u00bb row_border_radius=\u00bbnone\u00bb row_border_radius_applies=\u00bbbg\u00bb overflow=\u00bbvisible\u00bb overlay_strength=\u00bb0.3&#8243; gradient_direction=\u00bbleft_to_right\u00bb shape_divider_position=\u00bbbottom\u00bb bg_image_animation=\u00bbnone\u00bb][vc_column column_padding=\u00bbno-extra-padding\u00bb column_padding_tablet=\u00bbinherit\u00bb column_padding_phone=\u00bbinherit\u00bb column_padding_position=\u00bball\u00bb column_element_direction_desktop=\u00bbdefault\u00bb column_element_spacing=\u00bbdefault\u00bb desktop_text_alignment=\u00bbdefault\u00bb tablet_text_alignment=\u00bbdefault\u00bb phone_text_alignment=\u00bbdefault\u00bb background_color_opacity=\u00bb1&#8243; background_hover_color_opacity=\u00bb1&#8243; column_backdrop_filter=\u00bbnone\u00bb column_shadow=\u00bbnone\u00bb column_border_radius=\u00bbnone\u00bb column_link_target=\u00bb_self\u00bb column_position=\u00bbdefault\u00bb gradient_direction=\u00bbleft_to_right\u00bb overlay_strength=\u00bb0.3&#8243; width=\u00bb1\/1&#8243; tablet_width_inherit=\u00bbdefault\u00bb animation_type=\u00bbdefault\u00bb bg_image_animation=\u00bbnone\u00bb border_type=\u00bbsimple\u00bb column_border_width=\u00bbnone\u00bb column_border_style=\u00bbsolid\u00bb][vc_raw_html]JTVCaW5zdGFncmFtLWZlZWQlMjBmZWVkJTNEMSU1RA==[\/vc_raw_html][\/vc_column][\/vc_row]\n","protected":false},"excerpt":{"rendered":"<p>[vc_row type=\u00bbin_container\u00bb full_screen_row_position=\u00bbmiddle\u00bb column_margin=\u00bbdefault\u00bb equal_height=\u00bbyes\u00bb column_direction=\u00bbdefault\u00bb column_direction_tablet=\u00bbdefault\u00bb column_direction_phone=\u00bbdefault\u00bb scene_position=\u00bbcenter\u00bb text_color=\u00bbdark\u00bb text_align=\u00bbleft\u00bb row_border_radius=\u00bbnone\u00bb row_border_radius_applies=\u00bbbg\u00bb overflow=\u00bbvisible\u00bb overlay_strength=\u00bb0.3&#8243; gradient_direction=\u00bbleft_to_right\u00bb shape_divider_position=\u00bbbottom\u00bb bg_image_animation=\u00bbnone\u00bb gradient_type=\u00bbdefault\u00bb shape_type=\u00bb\u00bb][vc_column column_padding=\u00bbno-extra-padding\u00bb column_padding_tablet=\u00bbinherit\u00bb column_padding_phone=\u00bbinherit\u00bb column_padding_position=\u00bbleft-right\u00bb column_element_direction_desktop=\u00bbdefault\u00bb column_element_spacing=\u00bb40px\u00bb desktop_text_alignment=\u00bbdefault\u00bb tablet_text_alignment=\u00bbdefault\u00bb phone_text_alignment=\u00bbdefault\u00bb background_color_opacity=\u00bb1&#8243;&#8230;<\/p>\n","protected":false},"author":1,"featured_media":0,"comment_status":"open","ping_status":"open","sticky":false,"template":"","format":"standard","meta":{"_joinchat":{"telephone":"+447354810109"},"footnotes":""},"categories":[1,86],"tags":[],"class_list":{"0":"post-12148","1":"post","2":"type-post","3":"status-publish","4":"format-standard","6":"category-general","7":"category-sin-categorizar"},"yoast_head":"<!-- This site is optimized with the Yoast SEO plugin v27.4 - https:\/\/yoast.com\/product\/yoast-seo-wordpress\/ -->\n<title>Kendall Jenner Antes Despu\u00e9s - Aesthetic Center Turkey<\/title>\n<meta name=\"description\" content=\"El Dr. Ufuk Askeroglu responde si cree que Kendall Jenner se ha sometido a alguna cirug\u00eda pl\u00e1stica. Kendall Jenner Antes Despu\u00e9s\" \/>\n<meta name=\"robots\" content=\"index, follow, max-snippet:-1, max-image-preview:large, max-video-preview:-1\" \/>\n<link rel=\"canonical\" href=\"https:\/\/theaestheticscenterturkey.co.uk\/es\/kendall-jenner-antes-despues\/\" \/>\n<meta property=\"og:locale\" content=\"es_ES\" \/>\n<meta property=\"og:type\" content=\"article\" \/>\n<meta property=\"og:title\" content=\"Kendall Jenner Antes Despu\u00e9s - Aesthetic Center Turkey\" \/>\n<meta property=\"og:description\" content=\"El Dr. Ufuk Askeroglu responde si cree que Kendall Jenner se ha sometido a alguna cirug\u00eda pl\u00e1stica. Kendall Jenner Antes Despu\u00e9s\" \/>\n<meta property=\"og:url\" content=\"https:\/\/theaestheticscenterturkey.co.uk\/es\/kendall-jenner-antes-despues\/\" \/>\n<meta property=\"og:site_name\" content=\"Aesthetic Center Turkey\" \/>\n<meta property=\"article:publisher\" content=\"https:\/\/www.facebook.com\/profile.php?id=61553577504457\" \/>\n<meta property=\"article:published_time\" content=\"2023-08-01T23:59:58+00:00\" \/>\n<meta property=\"article:modified_time\" content=\"2024-08-27T12:04:31+00:00\" \/>\n<meta property=\"og:image\" content=\"https:\/\/theaestheticscenterturkey.co.uk\/wp-content\/uploads\/2023\/06\/form-alani-yani-2.jpg\" \/>\n\t<meta property=\"og:image:width\" content=\"700\" \/>\n\t<meta property=\"og:image:height\" content=\"700\" \/>\n\t<meta property=\"og:image:type\" content=\"image\/jpeg\" \/>\n<meta name=\"author\" content=\"admin\" \/>\n<meta name=\"twitter:card\" content=\"summary_large_image\" \/>\n<meta name=\"twitter:label1\" content=\"Escrito por\" \/>\n\t<meta name=\"twitter:data1\" content=\"admin\" \/>\n\t<meta name=\"twitter:label2\" content=\"Tiempo de lectura\" \/>\n\t<meta name=\"twitter:data2\" content=\"5 minutos\" \/>\n<script type=\"application\/ld+json\" class=\"yoast-schema-graph\">{\"@context\":\"https:\\\/\\\/schema.org\",\"@graph\":[{\"@type\":\"Article\",\"@id\":\"https:\\\/\\\/theaestheticscenterturkey.co.uk\\\/es\\\/kendall-jenner-antes-despues\\\/#article\",\"isPartOf\":{\"@id\":\"https:\\\/\\\/theaestheticscenterturkey.co.uk\\\/es\\\/kendall-jenner-antes-despues\\\/\"},\"author\":{\"name\":\"admin\",\"@id\":\"https:\\\/\\\/theaestheticscenterturkey.co.uk\\\/#\\\/schema\\\/person\\\/2ba5e5621d0381aa63b887fac1135f36\"},\"headline\":\"Kendall Jenner Antes Despu\u00e9s\",\"datePublished\":\"2023-08-01T23:59:58+00:00\",\"dateModified\":\"2024-08-27T12:04:31+00:00\",\"mainEntityOfPage\":{\"@id\":\"https:\\\/\\\/theaestheticscenterturkey.co.uk\\\/es\\\/kendall-jenner-antes-despues\\\/\"},\"wordCount\":1334,\"commentCount\":0,\"publisher\":{\"@id\":\"https:\\\/\\\/theaestheticscenterturkey.co.uk\\\/#organization\"},\"articleSection\":[\"General\",\"Sin categorizar\"],\"inLanguage\":\"es\"},{\"@type\":\"WebPage\",\"@id\":\"https:\\\/\\\/theaestheticscenterturkey.co.uk\\\/es\\\/kendall-jenner-antes-despues\\\/\",\"url\":\"https:\\\/\\\/theaestheticscenterturkey.co.uk\\\/es\\\/kendall-jenner-antes-despues\\\/\",\"name\":\"Kendall Jenner Antes Despu\u00e9s - Aesthetic Center Turkey\",\"isPartOf\":{\"@id\":\"https:\\\/\\\/theaestheticscenterturkey.co.uk\\\/#website\"},\"datePublished\":\"2023-08-01T23:59:58+00:00\",\"dateModified\":\"2024-08-27T12:04:31+00:00\",\"description\":\"El Dr. Ufuk Askeroglu responde si cree que Kendall Jenner se ha sometido a alguna cirug\u00eda pl\u00e1stica. Kendall Jenner Antes Despu\u00e9s\",\"breadcrumb\":{\"@id\":\"https:\\\/\\\/theaestheticscenterturkey.co.uk\\\/es\\\/kendall-jenner-antes-despues\\\/#breadcrumb\"},\"inLanguage\":\"es\",\"potentialAction\":[{\"@type\":\"ReadAction\",\"target\":[\"https:\\\/\\\/theaestheticscenterturkey.co.uk\\\/es\\\/kendall-jenner-antes-despues\\\/\"]}]},{\"@type\":\"BreadcrumbList\",\"@id\":\"https:\\\/\\\/theaestheticscenterturkey.co.uk\\\/es\\\/kendall-jenner-antes-despues\\\/#breadcrumb\",\"itemListElement\":[{\"@type\":\"ListItem\",\"position\":1,\"name\":\"Home\",\"item\":\"https:\\\/\\\/theaestheticscenterturkey.co.uk\\\/es\\\/\"},{\"@type\":\"ListItem\",\"position\":2,\"name\":\"Kendall Jenner Antes Despu\u00e9s\"}]},{\"@type\":\"WebSite\",\"@id\":\"https:\\\/\\\/theaestheticscenterturkey.co.uk\\\/#website\",\"url\":\"https:\\\/\\\/theaestheticscenterturkey.co.uk\\\/\",\"name\":\"The Aesthetics Center Turkey\",\"description\":\"\",\"publisher\":{\"@id\":\"https:\\\/\\\/theaestheticscenterturkey.co.uk\\\/#organization\"},\"potentialAction\":[{\"@type\":\"SearchAction\",\"target\":{\"@type\":\"EntryPoint\",\"urlTemplate\":\"https:\\\/\\\/theaestheticscenterturkey.co.uk\\\/?s={search_term_string}\"},\"query-input\":{\"@type\":\"PropertyValueSpecification\",\"valueRequired\":true,\"valueName\":\"search_term_string\"}}],\"inLanguage\":\"es\"},{\"@type\":\"Organization\",\"@id\":\"https:\\\/\\\/theaestheticscenterturkey.co.uk\\\/#organization\",\"name\":\"The Aesthetics Center Turkey\",\"url\":\"https:\\\/\\\/theaestheticscenterturkey.co.uk\\\/\",\"logo\":{\"@type\":\"ImageObject\",\"inLanguage\":\"es\",\"@id\":\"https:\\\/\\\/theaestheticscenterturkey.co.uk\\\/#\\\/schema\\\/logo\\\/image\\\/\",\"url\":\"https:\\\/\\\/theaestheticscenterturkey.co.uk\\\/wp-content\\\/uploads\\\/2023\\\/11\\\/logo-01-1-e1699660756266.png\",\"contentUrl\":\"https:\\\/\\\/theaestheticscenterturkey.co.uk\\\/wp-content\\\/uploads\\\/2023\\\/11\\\/logo-01-1-e1699660756266.png\",\"width\":3500,\"height\":1449,\"caption\":\"The Aesthetics Center Turkey\"},\"image\":{\"@id\":\"https:\\\/\\\/theaestheticscenterturkey.co.uk\\\/#\\\/schema\\\/logo\\\/image\\\/\"},\"sameAs\":[\"https:\\\/\\\/www.facebook.com\\\/profile.php?id=61553577504457\",\"https:\\\/\\\/www.instagram.com\\\/aestheticscenterturkey\\\/\"]},{\"@type\":\"Person\",\"@id\":\"https:\\\/\\\/theaestheticscenterturkey.co.uk\\\/#\\\/schema\\\/person\\\/2ba5e5621d0381aa63b887fac1135f36\",\"name\":\"admin\",\"sameAs\":[\"http:\\\/\\\/moddbeta.xyz\\\/aestheticstore\"],\"url\":\"https:\\\/\\\/theaestheticscenterturkey.co.uk\\\/es\\\/author\\\/admin\\\/\"}]}<\/script>\n<!-- \/ Yoast SEO plugin. -->","yoast_head_json":{"title":"Kendall Jenner Antes Despu\u00e9s - Aesthetic Center Turkey","description":"El Dr. Ufuk Askeroglu responde si cree que Kendall Jenner se ha sometido a alguna cirug\u00eda pl\u00e1stica. Kendall Jenner Antes Despu\u00e9s","robots":{"index":"index","follow":"follow","max-snippet":"max-snippet:-1","max-image-preview":"max-image-preview:large","max-video-preview":"max-video-preview:-1"},"canonical":"https:\/\/theaestheticscenterturkey.co.uk\/es\/kendall-jenner-antes-despues\/","og_locale":"es_ES","og_type":"article","og_title":"Kendall Jenner Antes Despu\u00e9s - Aesthetic Center Turkey","og_description":"El Dr. Ufuk Askeroglu responde si cree que Kendall Jenner se ha sometido a alguna cirug\u00eda pl\u00e1stica. Kendall Jenner Antes Despu\u00e9s","og_url":"https:\/\/theaestheticscenterturkey.co.uk\/es\/kendall-jenner-antes-despues\/","og_site_name":"Aesthetic Center Turkey","article_publisher":"https:\/\/www.facebook.com\/profile.php?id=61553577504457","article_published_time":"2023-08-01T23:59:58+00:00","article_modified_time":"2024-08-27T12:04:31+00:00","og_image":[{"width":700,"height":700,"url":"https:\/\/theaestheticscenterturkey.co.uk\/wp-content\/uploads\/2023\/06\/form-alani-yani-2.jpg","type":"image\/jpeg"}],"author":"admin","twitter_card":"summary_large_image","twitter_misc":{"Escrito por":"admin","Tiempo de lectura":"5 minutos"},"schema":{"@context":"https:\/\/schema.org","@graph":[{"@type":"Article","@id":"https:\/\/theaestheticscenterturkey.co.uk\/es\/kendall-jenner-antes-despues\/#article","isPartOf":{"@id":"https:\/\/theaestheticscenterturkey.co.uk\/es\/kendall-jenner-antes-despues\/"},"author":{"name":"admin","@id":"https:\/\/theaestheticscenterturkey.co.uk\/#\/schema\/person\/2ba5e5621d0381aa63b887fac1135f36"},"headline":"Kendall Jenner Antes Despu\u00e9s","datePublished":"2023-08-01T23:59:58+00:00","dateModified":"2024-08-27T12:04:31+00:00","mainEntityOfPage":{"@id":"https:\/\/theaestheticscenterturkey.co.uk\/es\/kendall-jenner-antes-despues\/"},"wordCount":1334,"commentCount":0,"publisher":{"@id":"https:\/\/theaestheticscenterturkey.co.uk\/#organization"},"articleSection":["General","Sin categorizar"],"inLanguage":"es"},{"@type":"WebPage","@id":"https:\/\/theaestheticscenterturkey.co.uk\/es\/kendall-jenner-antes-despues\/","url":"https:\/\/theaestheticscenterturkey.co.uk\/es\/kendall-jenner-antes-despues\/","name":"Kendall Jenner Antes Despu\u00e9s - Aesthetic Center Turkey","isPartOf":{"@id":"https:\/\/theaestheticscenterturkey.co.uk\/#website"},"datePublished":"2023-08-01T23:59:58+00:00","dateModified":"2024-08-27T12:04:31+00:00","description":"El Dr. Ufuk Askeroglu responde si cree que Kendall Jenner se ha sometido a alguna cirug\u00eda pl\u00e1stica. Kendall Jenner Antes Despu\u00e9s","breadcrumb":{"@id":"https:\/\/theaestheticscenterturkey.co.uk\/es\/kendall-jenner-antes-despues\/#breadcrumb"},"inLanguage":"es","potentialAction":[{"@type":"ReadAction","target":["https:\/\/theaestheticscenterturkey.co.uk\/es\/kendall-jenner-antes-despues\/"]}]},{"@type":"BreadcrumbList","@id":"https:\/\/theaestheticscenterturkey.co.uk\/es\/kendall-jenner-antes-despues\/#breadcrumb","itemListElement":[{"@type":"ListItem","position":1,"name":"Home","item":"https:\/\/theaestheticscenterturkey.co.uk\/es\/"},{"@type":"ListItem","position":2,"name":"Kendall Jenner Antes Despu\u00e9s"}]},{"@type":"WebSite","@id":"https:\/\/theaestheticscenterturkey.co.uk\/#website","url":"https:\/\/theaestheticscenterturkey.co.uk\/","name":"The Aesthetics Center Turkey","description":"","publisher":{"@id":"https:\/\/theaestheticscenterturkey.co.uk\/#organization"},"potentialAction":[{"@type":"SearchAction","target":{"@type":"EntryPoint","urlTemplate":"https:\/\/theaestheticscenterturkey.co.uk\/?s={search_term_string}"},"query-input":{"@type":"PropertyValueSpecification","valueRequired":true,"valueName":"search_term_string"}}],"inLanguage":"es"},{"@type":"Organization","@id":"https:\/\/theaestheticscenterturkey.co.uk\/#organization","name":"The Aesthetics Center Turkey","url":"https:\/\/theaestheticscenterturkey.co.uk\/","logo":{"@type":"ImageObject","inLanguage":"es","@id":"https:\/\/theaestheticscenterturkey.co.uk\/#\/schema\/logo\/image\/","url":"https:\/\/theaestheticscenterturkey.co.uk\/wp-content\/uploads\/2023\/11\/logo-01-1-e1699660756266.png","contentUrl":"https:\/\/theaestheticscenterturkey.co.uk\/wp-content\/uploads\/2023\/11\/logo-01-1-e1699660756266.png","width":3500,"height":1449,"caption":"The Aesthetics Center Turkey"},"image":{"@id":"https:\/\/theaestheticscenterturkey.co.uk\/#\/schema\/logo\/image\/"},"sameAs":["https:\/\/www.facebook.com\/profile.php?id=61553577504457","https:\/\/www.instagram.com\/aestheticscenterturkey\/"]},{"@type":"Person","@id":"https:\/\/theaestheticscenterturkey.co.uk\/#\/schema\/person\/2ba5e5621d0381aa63b887fac1135f36","name":"admin","sameAs":["http:\/\/moddbeta.xyz\/aestheticstore"],"url":"https:\/\/theaestheticscenterturkey.co.uk\/es\/author\/admin\/"}]}},"_links":{"self":[{"href":"https:\/\/theaestheticscenterturkey.co.uk\/es\/wp-json\/wp\/v2\/posts\/12148","targetHints":{"allow":["GET"]}}],"collection":[{"href":"https:\/\/theaestheticscenterturkey.co.uk\/es\/wp-json\/wp\/v2\/posts"}],"about":[{"href":"https:\/\/theaestheticscenterturkey.co.uk\/es\/wp-json\/wp\/v2\/types\/post"}],"author":[{"embeddable":true,"href":"https:\/\/theaestheticscenterturkey.co.uk\/es\/wp-json\/wp\/v2\/users\/1"}],"replies":[{"embeddable":true,"href":"https:\/\/theaestheticscenterturkey.co.uk\/es\/wp-json\/wp\/v2\/comments?post=12148"}],"version-history":[{"count":2,"href":"https:\/\/theaestheticscenterturkey.co.uk\/es\/wp-json\/wp\/v2\/posts\/12148\/revisions"}],"predecessor-version":[{"id":12160,"href":"https:\/\/theaestheticscenterturkey.co.uk\/es\/wp-json\/wp\/v2\/posts\/12148\/revisions\/12160"}],"wp:attachment":[{"href":"https:\/\/theaestheticscenterturkey.co.uk\/es\/wp-json\/wp\/v2\/media?parent=12148"}],"wp:term":[{"taxonomy":"category","embeddable":true,"href":"https:\/\/theaestheticscenterturkey.co.uk\/es\/wp-json\/wp\/v2\/categories?post=12148"},{"taxonomy":"post_tag","embeddable":true,"href":"https:\/\/theaestheticscenterturkey.co.uk\/es\/wp-json\/wp\/v2\/tags?post=12148"}],"curies":[{"name":"wp","href":"https:\/\/api.w.org\/{rel}","templated":true}]}}