{"id":12146,"date":"2023-08-02T02:59:58","date_gmt":"2023-08-01T23:59:58","guid":{"rendered":"https:\/\/theaestheticscenterturkey.co.uk\/it\/kendall-jenner-before-after\/"},"modified":"2024-10-02T12:03:55","modified_gmt":"2024-10-02T09:03:55","slug":"kendall-jenner-prima-dopo","status":"publish","type":"post","link":"https:\/\/theaestheticscenterturkey.co.uk\/it\/kendall-jenner-prima-dopo\/","title":{"rendered":"Kendall Jenner prima dopo"},"content":{"rendered":"[vc_row type=&#8221;in_container&#8221; full_screen_row_position=&#8221;middle&#8221; column_margin=&#8221;default&#8221; equal_height=&#8221;yes&#8221; column_direction=&#8221;default&#8221; column_direction_tablet=&#8221;default&#8221; column_direction_phone=&#8221;default&#8221; scene_position=&#8221;center&#8221; text_color=&#8221;dark&#8221; text_align=&#8221;left&#8221; row_border_radius=&#8221;none&#8221; row_border_radius_applies=&#8221;bg&#8221; overflow=&#8221;visible&#8221; overlay_strength=&#8221;0.3&#8243; gradient_direction=&#8221;left_to_right&#8221; shape_divider_position=&#8221;bottom&#8221; bg_image_animation=&#8221;none&#8221; gradient_type=&#8221;default&#8221; shape_type=&#8221;&#8221;][vc_column column_padding=&#8221;no-extra-padding&#8221; column_padding_tablet=&#8221;inherit&#8221; column_padding_phone=&#8221;inherit&#8221; column_padding_position=&#8221;left-right&#8221; column_element_direction_desktop=&#8221;default&#8221; column_element_spacing=&#8221;40px&#8221; desktop_text_alignment=&#8221;default&#8221; tablet_text_alignment=&#8221;default&#8221; phone_text_alignment=&#8221;default&#8221; background_color_opacity=&#8221;1&#8243; background_hover_color_opacity=&#8221;1&#8243; column_backdrop_filter=&#8221;none&#8221; font_color=&#8221;#000000&#8243; column_shadow=&#8221;none&#8221; column_border_radius=&#8221;none&#8221; column_link_target=&#8221;_self&#8221; column_position=&#8221;default&#8221; gradient_direction=&#8221;left_to_right&#8221; overlay_strength=&#8221;0.3&#8243; width=&#8221;1\/1&#8243; tablet_width_inherit=&#8221;default&#8221; animation_type=&#8221;default&#8221; bg_image_animation=&#8221;none&#8221; border_type=&#8221;simple&#8221; column_border_width=&#8221;none&#8221; column_border_style=&#8221;solid&#8221; column_padding_type=&#8221;default&#8221; gradient_type=&#8221;default&#8221;][nectar_responsive_text font_size_desktop=&#8221;20&#8243; font_size_phone=&#8221;20&#8243; font_line_height=&#8221;1.1&#8243;]\n<h1 style=\"text-align: center;\">Kendall Jenner prima e dopo l&#8217;intervento chirurgico<\/h1>\n[\/nectar_responsive_text][vc_row_inner equal_height=&#8221;yes&#8221; column_margin=&#8221;default&#8221; column_direction=&#8221;default&#8221; column_direction_tablet=&#8221;default&#8221; column_direction_phone=&#8221;default&#8221; text_align=&#8221;left&#8221; row_position=&#8221;default&#8221; row_position_tablet=&#8221;inherit&#8221; row_position_phone=&#8221;inherit&#8221; overflow=&#8221;visible&#8221; pointer_events=&#8221;all&#8221;][vc_column_inner column_padding=&#8221;no-extra-padding&#8221; column_padding_tablet=&#8221;inherit&#8221; column_padding_phone=&#8221;inherit&#8221; column_padding_position=&#8221;all&#8221; column_element_direction_desktop=&#8221;default&#8221; column_element_spacing=&#8221;default&#8221; desktop_text_alignment=&#8221;default&#8221; tablet_text_alignment=&#8221;default&#8221; phone_text_alignment=&#8221;default&#8221; background_color_opacity=&#8221;1&#8243; background_hover_color_opacity=&#8221;1&#8243; column_backdrop_filter=&#8221;none&#8221; column_shadow=&#8221;none&#8221; column_border_radius=&#8221;none&#8221; column_link_target=&#8221;_self&#8221; overflow=&#8221;visible&#8221; gradient_direction=&#8221;left_to_right&#8221; overlay_strength=&#8221;0.3&#8243; width=&#8221;1\/1&#8243; tablet_width_inherit=&#8221;default&#8221; animation_type=&#8221;default&#8221; bg_image_animation=&#8221;none&#8221; border_type=&#8221;simple&#8221; column_border_width=&#8221;none&#8221; column_border_style=&#8221;solid&#8221;][vc_column_text]\n<h3>La bellezza senza tempo ridefinita: il racconto prima e dopo di Kendall Jenner.<\/h3>\n[\/vc_column_text][divider line_type=&#8221;No Line&#8221;][\/vc_column_inner][\/vc_row_inner][image_with_animation image_url=&#8221;7630&#8243; image_size=&#8221;large&#8221; animation_type=&#8221;entrance&#8221; animation=&#8221;None&#8221; animation_movement_type=&#8221;transform_y&#8221; hover_animation=&#8221;none&#8221; alignment=&#8221;&#8221; border_radius=&#8221;none&#8221; box_shadow=&#8221;none&#8221; image_loading=&#8221;default&#8221; max_width=&#8221;100%&#8221; max_width_mobile=&#8221;default&#8221;][vc_column_text]\n<h3>Il Dr.Ufuk Askeroglu risponde se pensa che Kendall Jenner abbia subito qualche intervento di chirurgia plastica:<\/h3>\n[\/vc_column_text][vc_column_text]In qualit\u00e0 di <a href=\"https:\/\/ufukaskeroglu.com\/en\/about-me\/\">chirurgo plastico<\/a> con anni di esperienza nel settore, numerosi pazienti e organi di stampa mi hanno chiesto di commentare le voci sugli interventi chirurgici al viso di Kendall Jenner. Negli ultimi anni, ci sono state molte speculazioni sul fatto che Kendall Jenner si sia sottoposta o meno a procedure cosmetiche per migliorare il suo aspetto.[\/vc_column_text][image_with_animation image_url=&#8221;7626&#8243; image_size=&#8221;full&#8221; animation_type=&#8221;entrance&#8221; animation=&#8221;None&#8221; animation_movement_type=&#8221;transform_y&#8221; hover_animation=&#8221;none&#8221; alignment=&#8221;&#8221; border_radius=&#8221;none&#8221; box_shadow=&#8221;none&#8221; image_loading=&#8221;default&#8221; max_width=&#8221;100%&#8221; max_width_mobile=&#8221;default&#8221;][vc_column_text]\n<h3>Esonero di responsabilit\u00e0 professionale<\/h3>\n<p>In primo luogo, \u00e8 importante notare che come professionista medico, non posso confermare o smentire alcuna speculazione sugli interventi chirurgici di Kendall Jenner a meno che non l&#8217;abbia curata personalmente o non abbia esaminato la sua cartella clinica. Tuttavia, in base alla mia competenza ed esperienza sul campo e dopo aver valutato il lavoro di Kendall Jenner prima e dopo l&#8217;esperienza di Kendall Jenner. dopo le foto, posso offrire alcuni spunti sulle possibili procedure a cui Jenner potrebbe essere stato sottoposto.<\/p>\n<h3>Ipotesi sulla rinoplastica di Kendall Jenner Kendall Jenner<\/h3>\n<p>Una delle procedure pi\u00f9 comuni a cui optano le celebrit\u00e0 \u00e8 la <a href=\"https:\/\/theaestheticscenterturkey.co.uk\/rhinoplasty-turkey\/\">rinoplastica<\/a>, nota anche come rifacimento del naso. Si ipotizza che Kendall Jenner possa essersi sottoposta a questa procedura poich\u00e9 il suo naso appare pi\u00f9 sottile e pi\u00f9 definito rispetto ai suoi primi anni. Se questo \u00e8 vero, \u00e8 probabile che la procedura sia stata eseguita da un chirurgo esperto che ha ottenuto un risultato dall\u2019aspetto naturale.[\/vc_column_text][image_with_animation image_url=&#8221;7627&#8243; image_size=&#8221;full&#8221; animation_type=&#8221;entrance&#8221; animation=&#8221;None&#8221; animation_movement_type=&#8221;transform_y&#8221; hover_animation=&#8221;none&#8221; alignment=&#8221;&#8221; border_radius=&#8221;none&#8221; box_shadow=&#8221;none&#8221; image_loading=&#8221;default&#8221; max_width=&#8221;100%&#8221; max_width_mobile=&#8221;default&#8221;][vc_column_text]\n<h3>Speculazione sull&#8217;aumento delle labbra di Kendall Jenner Kendall Jenner<\/h3>\n<p>Un\u2019altra procedura possibile \u00e8 l\u2019aumento delle labbra, che prevede l\u2019iniezione di filler nelle labbra per migliorarne la forma e le dimensioni. Le labbra di Kendall Jenner sembrano essere pi\u00f9 carnose di prima, il che ha portato a speculazioni sui filler per labbra. Tuttavia, \u00e8 anche possibile che questo sia semplicemente il risultato di tecniche di trucco intelligenti.<\/p>\n<h3>Definizione e speculazione sulla linea della mascella di Kendall Jenner<\/h3>\n<p>Inoltre, la <a href=\"https:\/\/theaestheticscenterturkey.co.uk\/facial-fillers\/\">mascella<\/a> di Kendall Jenner sembra essere pi\u00f9 definita e spigolosa rispetto al passato, il che ha portato a speculazioni su un possibile intervento chirurgico di riduzione della mascella. Questa procedura prevede il rimodellamento della mascella per creare un aspetto pi\u00f9 femminile e delicato. Tuttavia, \u00e8 importante notare che anche i cambiamenti nel peso e nelle tecniche di trucco possono influenzare l&#8217;aspetto della mascella.[\/vc_column_text][image_with_animation image_url=&#8221;7628&#8243; image_size=&#8221;full&#8221; animation_type=&#8221;entrance&#8221; animation=&#8221;None&#8221; animation_movement_type=&#8221;transform_y&#8221; hover_animation=&#8221;none&#8221; alignment=&#8221;&#8221; border_radius=&#8221;none&#8221; box_shadow=&#8221;none&#8221; image_loading=&#8221;default&#8221; max_width=&#8221;100%&#8221; max_width_mobile=&#8221;default&#8221;][vc_column_text]\n<h3>Ipotesi sul lifting delle sopracciglia di Kendall Jenner<\/h3>\n<p>Infine, si ipotizza anche che Kendall Jenner possa essersi sottoposta a un <a href=\"https:\/\/theaestheticscenterturkey.co.uk\/endoscopic-medial-brow-lift\/\">lifting delle sopracciglia<\/a> per alzare le sopracciglia e creare un aspetto pi\u00f9 giovanile. Questa procedura prevede la rimozione della pelle e del tessuto in eccesso dalla zona della fronte per sollevare le sopracciglia e ridurre la comparsa delle rughe. Tuttavia, \u00e8 importante notare che anche l&#8217;uso di Botox e di altri iniettabili pu\u00f2 ottenere un risultato simile.[\/vc_column_text][vc_column_text]\n<h3>Cambiare aspetto nel corso degli anni (Kendall Jenner)<\/h3>\n<p>In conclusione, anche se non posso confermare o smentire se Kendall Jenner si sia sottoposta a qualche intervento cosmetico, \u00e8 chiaro che il suo aspetto \u00e8 cambiato nel corso degli anni. Come chirurgo plastico, credo che qualsiasi procedura cosmetica debba essere eseguita da un professionista qualificato ed esperto che dia priorit\u00e0 a risultati dall\u2019aspetto naturale. \u00c8 importante che i pazienti effettuino le proprie ricerche e scelgano un chirurgo qualificato che possa aiutarli a ottenere i risultati desiderati in modo sicuro ed efficace.<\/p>\n<p>Sinceramente,<\/p>\n<p>Dottor Ufuk Askeroglu<\/p>\n<p>Chirurgo plastico turco[\/vc_column_text][\/vc_column][\/vc_row][vc_row type=&#8221;in_container&#8221; full_screen_row_position=&#8221;middle&#8221; column_margin=&#8221;default&#8221; column_direction=&#8221;default&#8221; column_direction_tablet=&#8221;default&#8221; column_direction_phone=&#8221;default&#8221; scene_position=&#8221;center&#8221; text_color=&#8221;dark&#8221; text_align=&#8221;left&#8221; row_border_radius=&#8221;none&#8221; row_border_radius_applies=&#8221;bg&#8221; overflow=&#8221;visible&#8221; overlay_strength=&#8221;0.3&#8243; gradient_direction=&#8221;left_to_right&#8221; shape_divider_position=&#8221;bottom&#8221; bg_image_animation=&#8221;none&#8221;][vc_column column_padding=&#8221;no-extra-padding&#8221; column_padding_tablet=&#8221;inherit&#8221; column_padding_phone=&#8221;inherit&#8221; column_padding_position=&#8221;all&#8221; column_element_direction_desktop=&#8221;default&#8221; column_element_spacing=&#8221;default&#8221; desktop_text_alignment=&#8221;default&#8221; tablet_text_alignment=&#8221;default&#8221; phone_text_alignment=&#8221;default&#8221; background_color_opacity=&#8221;1&#8243; background_hover_color_opacity=&#8221;1&#8243; column_backdrop_filter=&#8221;none&#8221; column_shadow=&#8221;none&#8221; column_border_radius=&#8221;none&#8221; column_link_target=&#8221;_self&#8221; column_position=&#8221;default&#8221; gradient_direction=&#8221;left_to_right&#8221; overlay_strength=&#8221;0.3&#8243; width=&#8221;1\/1&#8243; tablet_width_inherit=&#8221;default&#8221; animation_type=&#8221;default&#8221; bg_image_animation=&#8221;none&#8221; border_type=&#8221;simple&#8221; column_border_width=&#8221;none&#8221; column_border_style=&#8221;solid&#8221;][vc_raw_html]JTVCaW5zdGFncmFtLWZlZWQlMjBmZWVkJTNEMSU1RA==[\/vc_raw_html][\/vc_column][\/vc_row]\n","protected":false},"excerpt":{"rendered":"<p>[vc_row type=&#8221;in_container&#8221; full_screen_row_position=&#8221;middle&#8221; column_margin=&#8221;default&#8221; equal_height=&#8221;yes&#8221; column_direction=&#8221;default&#8221; column_direction_tablet=&#8221;default&#8221; column_direction_phone=&#8221;default&#8221; scene_position=&#8221;center&#8221; text_color=&#8221;dark&#8221; text_align=&#8221;left&#8221; row_border_radius=&#8221;none&#8221; row_border_radius_applies=&#8221;bg&#8221; overflow=&#8221;visible&#8221; overlay_strength=&#8221;0.3&#8243; gradient_direction=&#8221;left_to_right&#8221; shape_divider_position=&#8221;bottom&#8221; bg_image_animation=&#8221;none&#8221; gradient_type=&#8221;default&#8221; shape_type=&#8221;&#8221;][vc_column column_padding=&#8221;no-extra-padding&#8221; column_padding_tablet=&#8221;inherit&#8221; column_padding_phone=&#8221;inherit&#8221; column_padding_position=&#8221;left-right&#8221; column_element_direction_desktop=&#8221;default&#8221; column_element_spacing=&#8221;40px&#8221; desktop_text_alignment=&#8221;default&#8221; tablet_text_alignment=&#8221;default&#8221; phone_text_alignment=&#8221;default&#8221; background_color_opacity=&#8221;1&#8243;&#8230;<\/p>\n","protected":false},"author":1,"featured_media":15427,"comment_status":"open","ping_status":"open","sticky":false,"template":"","format":"standard","meta":{"_joinchat":{"telephone":"+447354810109"},"footnotes":""},"categories":[152],"tags":[],"class_list":{"0":"post-12146","1":"post","2":"type-post","3":"status-publish","4":"format-standard","5":"has-post-thumbnail","7":"category-non-categorizzato"},"yoast_head":"<!-- This site is optimized with the Yoast SEO plugin v27.4 - https:\/\/yoast.com\/product\/yoast-seo-wordpress\/ -->\n<title>Kendall Jenner prima dopo - Aesthetic Center Turkey<\/title>\n<meta name=\"description\" content=\"Il Dr.Ufuk Askeroglu risponde se pensa che Kendall Jenner abbia subito qualche intervento di chirurgia plastica. Kendall Jenner prima dopo\" \/>\n<meta name=\"robots\" content=\"index, follow, max-snippet:-1, max-image-preview:large, max-video-preview:-1\" \/>\n<link rel=\"canonical\" href=\"https:\/\/theaestheticscenterturkey.co.uk\/it\/kendall-jenner-prima-dopo\/\" \/>\n<meta property=\"og:locale\" content=\"it_IT\" \/>\n<meta property=\"og:type\" content=\"article\" \/>\n<meta property=\"og:title\" content=\"Kendall Jenner prima dopo - Aesthetic Center Turkey\" \/>\n<meta property=\"og:description\" content=\"Il Dr.Ufuk Askeroglu risponde se pensa che Kendall Jenner abbia subito qualche intervento di chirurgia plastica. Kendall Jenner prima dopo\" \/>\n<meta property=\"og:url\" content=\"https:\/\/theaestheticscenterturkey.co.uk\/it\/kendall-jenner-prima-dopo\/\" \/>\n<meta property=\"og:site_name\" content=\"Aesthetic Center Turkey\" \/>\n<meta property=\"article:publisher\" content=\"https:\/\/www.facebook.com\/profile.php?id=61553577504457\" \/>\n<meta property=\"article:published_time\" content=\"2023-08-01T23:59:58+00:00\" \/>\n<meta property=\"article:modified_time\" content=\"2024-10-02T09:03:55+00:00\" \/>\n<meta property=\"og:image\" content=\"https:\/\/theaestheticscenterturkey.co.uk\/wp-content\/uploads\/2023\/08\/4-scaled-e1690934598736.jpg\" \/>\n\t<meta property=\"og:image:width\" content=\"1200\" \/>\n\t<meta property=\"og:image:height\" content=\"812\" \/>\n\t<meta property=\"og:image:type\" content=\"image\/jpeg\" \/>\n<meta name=\"author\" content=\"admin\" \/>\n<meta name=\"twitter:card\" content=\"summary_large_image\" \/>\n<meta name=\"twitter:label1\" content=\"Scritto da\" \/>\n\t<meta name=\"twitter:data1\" content=\"admin\" \/>\n\t<meta name=\"twitter:label2\" content=\"Tempo di lettura stimato\" \/>\n\t<meta name=\"twitter:data2\" content=\"5 minuti\" \/>\n<script type=\"application\/ld+json\" class=\"yoast-schema-graph\">{\"@context\":\"https:\\\/\\\/schema.org\",\"@graph\":[{\"@type\":\"Article\",\"@id\":\"https:\\\/\\\/theaestheticscenterturkey.co.uk\\\/it\\\/kendall-jenner-prima-dopo\\\/#article\",\"isPartOf\":{\"@id\":\"https:\\\/\\\/theaestheticscenterturkey.co.uk\\\/it\\\/kendall-jenner-prima-dopo\\\/\"},\"author\":{\"name\":\"admin\",\"@id\":\"https:\\\/\\\/theaestheticscenterturkey.co.uk\\\/#\\\/schema\\\/person\\\/2ba5e5621d0381aa63b887fac1135f36\"},\"headline\":\"Kendall Jenner prima dopo\",\"datePublished\":\"2023-08-01T23:59:58+00:00\",\"dateModified\":\"2024-10-02T09:03:55+00:00\",\"mainEntityOfPage\":{\"@id\":\"https:\\\/\\\/theaestheticscenterturkey.co.uk\\\/it\\\/kendall-jenner-prima-dopo\\\/\"},\"wordCount\":1261,\"commentCount\":0,\"publisher\":{\"@id\":\"https:\\\/\\\/theaestheticscenterturkey.co.uk\\\/#organization\"},\"image\":{\"@id\":\"https:\\\/\\\/theaestheticscenterturkey.co.uk\\\/it\\\/kendall-jenner-prima-dopo\\\/#primaryimage\"},\"thumbnailUrl\":\"https:\\\/\\\/theaestheticscenterturkey.co.uk\\\/wp-content\\\/uploads\\\/2023\\\/08\\\/4-scaled-e1690934598736.jpg\",\"articleSection\":[\"Non categorizzato\"],\"inLanguage\":\"it-IT\"},{\"@type\":\"WebPage\",\"@id\":\"https:\\\/\\\/theaestheticscenterturkey.co.uk\\\/it\\\/kendall-jenner-prima-dopo\\\/\",\"url\":\"https:\\\/\\\/theaestheticscenterturkey.co.uk\\\/it\\\/kendall-jenner-prima-dopo\\\/\",\"name\":\"Kendall Jenner prima dopo - Aesthetic Center Turkey\",\"isPartOf\":{\"@id\":\"https:\\\/\\\/theaestheticscenterturkey.co.uk\\\/#website\"},\"primaryImageOfPage\":{\"@id\":\"https:\\\/\\\/theaestheticscenterturkey.co.uk\\\/it\\\/kendall-jenner-prima-dopo\\\/#primaryimage\"},\"image\":{\"@id\":\"https:\\\/\\\/theaestheticscenterturkey.co.uk\\\/it\\\/kendall-jenner-prima-dopo\\\/#primaryimage\"},\"thumbnailUrl\":\"https:\\\/\\\/theaestheticscenterturkey.co.uk\\\/wp-content\\\/uploads\\\/2023\\\/08\\\/4-scaled-e1690934598736.jpg\",\"datePublished\":\"2023-08-01T23:59:58+00:00\",\"dateModified\":\"2024-10-02T09:03:55+00:00\",\"description\":\"Il Dr.Ufuk Askeroglu risponde se pensa che Kendall Jenner abbia subito qualche intervento di chirurgia plastica. Kendall Jenner prima dopo\",\"breadcrumb\":{\"@id\":\"https:\\\/\\\/theaestheticscenterturkey.co.uk\\\/it\\\/kendall-jenner-prima-dopo\\\/#breadcrumb\"},\"inLanguage\":\"it-IT\",\"potentialAction\":[{\"@type\":\"ReadAction\",\"target\":[\"https:\\\/\\\/theaestheticscenterturkey.co.uk\\\/it\\\/kendall-jenner-prima-dopo\\\/\"]}]},{\"@type\":\"ImageObject\",\"inLanguage\":\"it-IT\",\"@id\":\"https:\\\/\\\/theaestheticscenterturkey.co.uk\\\/it\\\/kendall-jenner-prima-dopo\\\/#primaryimage\",\"url\":\"https:\\\/\\\/theaestheticscenterturkey.co.uk\\\/wp-content\\\/uploads\\\/2023\\\/08\\\/4-scaled-e1690934598736.jpg\",\"contentUrl\":\"https:\\\/\\\/theaestheticscenterturkey.co.uk\\\/wp-content\\\/uploads\\\/2023\\\/08\\\/4-scaled-e1690934598736.jpg\",\"width\":1200,\"height\":812,\"caption\":\"Kendall Jenner Before & After Plastic Suregry\"},{\"@type\":\"BreadcrumbList\",\"@id\":\"https:\\\/\\\/theaestheticscenterturkey.co.uk\\\/it\\\/kendall-jenner-prima-dopo\\\/#breadcrumb\",\"itemListElement\":[{\"@type\":\"ListItem\",\"position\":1,\"name\":\"Home\",\"item\":\"https:\\\/\\\/theaestheticscenterturkey.co.uk\\\/it\\\/\"},{\"@type\":\"ListItem\",\"position\":2,\"name\":\"Kendall Jenner prima dopo\"}]},{\"@type\":\"WebSite\",\"@id\":\"https:\\\/\\\/theaestheticscenterturkey.co.uk\\\/#website\",\"url\":\"https:\\\/\\\/theaestheticscenterturkey.co.uk\\\/\",\"name\":\"The Aesthetics Center Turkey\",\"description\":\"\",\"publisher\":{\"@id\":\"https:\\\/\\\/theaestheticscenterturkey.co.uk\\\/#organization\"},\"potentialAction\":[{\"@type\":\"SearchAction\",\"target\":{\"@type\":\"EntryPoint\",\"urlTemplate\":\"https:\\\/\\\/theaestheticscenterturkey.co.uk\\\/?s={search_term_string}\"},\"query-input\":{\"@type\":\"PropertyValueSpecification\",\"valueRequired\":true,\"valueName\":\"search_term_string\"}}],\"inLanguage\":\"it-IT\"},{\"@type\":\"Organization\",\"@id\":\"https:\\\/\\\/theaestheticscenterturkey.co.uk\\\/#organization\",\"name\":\"The Aesthetics Center Turkey\",\"url\":\"https:\\\/\\\/theaestheticscenterturkey.co.uk\\\/\",\"logo\":{\"@type\":\"ImageObject\",\"inLanguage\":\"it-IT\",\"@id\":\"https:\\\/\\\/theaestheticscenterturkey.co.uk\\\/#\\\/schema\\\/logo\\\/image\\\/\",\"url\":\"https:\\\/\\\/theaestheticscenterturkey.co.uk\\\/wp-content\\\/uploads\\\/2023\\\/11\\\/logo-01-1-e1699660756266.png\",\"contentUrl\":\"https:\\\/\\\/theaestheticscenterturkey.co.uk\\\/wp-content\\\/uploads\\\/2023\\\/11\\\/logo-01-1-e1699660756266.png\",\"width\":3500,\"height\":1449,\"caption\":\"The Aesthetics Center Turkey\"},\"image\":{\"@id\":\"https:\\\/\\\/theaestheticscenterturkey.co.uk\\\/#\\\/schema\\\/logo\\\/image\\\/\"},\"sameAs\":[\"https:\\\/\\\/www.facebook.com\\\/profile.php?id=61553577504457\",\"https:\\\/\\\/www.instagram.com\\\/aestheticscenterturkey\\\/\"]},{\"@type\":\"Person\",\"@id\":\"https:\\\/\\\/theaestheticscenterturkey.co.uk\\\/#\\\/schema\\\/person\\\/2ba5e5621d0381aa63b887fac1135f36\",\"name\":\"admin\",\"sameAs\":[\"http:\\\/\\\/moddbeta.xyz\\\/aestheticstore\"],\"url\":\"https:\\\/\\\/theaestheticscenterturkey.co.uk\\\/it\\\/author\\\/admin\\\/\"}]}<\/script>\n<!-- \/ Yoast SEO plugin. -->","yoast_head_json":{"title":"Kendall Jenner prima dopo - Aesthetic Center Turkey","description":"Il Dr.Ufuk Askeroglu risponde se pensa che Kendall Jenner abbia subito qualche intervento di chirurgia plastica. Kendall Jenner prima dopo","robots":{"index":"index","follow":"follow","max-snippet":"max-snippet:-1","max-image-preview":"max-image-preview:large","max-video-preview":"max-video-preview:-1"},"canonical":"https:\/\/theaestheticscenterturkey.co.uk\/it\/kendall-jenner-prima-dopo\/","og_locale":"it_IT","og_type":"article","og_title":"Kendall Jenner prima dopo - Aesthetic Center Turkey","og_description":"Il Dr.Ufuk Askeroglu risponde se pensa che Kendall Jenner abbia subito qualche intervento di chirurgia plastica. Kendall Jenner prima dopo","og_url":"https:\/\/theaestheticscenterturkey.co.uk\/it\/kendall-jenner-prima-dopo\/","og_site_name":"Aesthetic Center Turkey","article_publisher":"https:\/\/www.facebook.com\/profile.php?id=61553577504457","article_published_time":"2023-08-01T23:59:58+00:00","article_modified_time":"2024-10-02T09:03:55+00:00","og_image":[{"width":1200,"height":812,"url":"https:\/\/theaestheticscenterturkey.co.uk\/wp-content\/uploads\/2023\/08\/4-scaled-e1690934598736.jpg","type":"image\/jpeg"}],"author":"admin","twitter_card":"summary_large_image","twitter_misc":{"Scritto da":"admin","Tempo di lettura stimato":"5 minuti"},"schema":{"@context":"https:\/\/schema.org","@graph":[{"@type":"Article","@id":"https:\/\/theaestheticscenterturkey.co.uk\/it\/kendall-jenner-prima-dopo\/#article","isPartOf":{"@id":"https:\/\/theaestheticscenterturkey.co.uk\/it\/kendall-jenner-prima-dopo\/"},"author":{"name":"admin","@id":"https:\/\/theaestheticscenterturkey.co.uk\/#\/schema\/person\/2ba5e5621d0381aa63b887fac1135f36"},"headline":"Kendall Jenner prima dopo","datePublished":"2023-08-01T23:59:58+00:00","dateModified":"2024-10-02T09:03:55+00:00","mainEntityOfPage":{"@id":"https:\/\/theaestheticscenterturkey.co.uk\/it\/kendall-jenner-prima-dopo\/"},"wordCount":1261,"commentCount":0,"publisher":{"@id":"https:\/\/theaestheticscenterturkey.co.uk\/#organization"},"image":{"@id":"https:\/\/theaestheticscenterturkey.co.uk\/it\/kendall-jenner-prima-dopo\/#primaryimage"},"thumbnailUrl":"https:\/\/theaestheticscenterturkey.co.uk\/wp-content\/uploads\/2023\/08\/4-scaled-e1690934598736.jpg","articleSection":["Non categorizzato"],"inLanguage":"it-IT"},{"@type":"WebPage","@id":"https:\/\/theaestheticscenterturkey.co.uk\/it\/kendall-jenner-prima-dopo\/","url":"https:\/\/theaestheticscenterturkey.co.uk\/it\/kendall-jenner-prima-dopo\/","name":"Kendall Jenner prima dopo - Aesthetic Center Turkey","isPartOf":{"@id":"https:\/\/theaestheticscenterturkey.co.uk\/#website"},"primaryImageOfPage":{"@id":"https:\/\/theaestheticscenterturkey.co.uk\/it\/kendall-jenner-prima-dopo\/#primaryimage"},"image":{"@id":"https:\/\/theaestheticscenterturkey.co.uk\/it\/kendall-jenner-prima-dopo\/#primaryimage"},"thumbnailUrl":"https:\/\/theaestheticscenterturkey.co.uk\/wp-content\/uploads\/2023\/08\/4-scaled-e1690934598736.jpg","datePublished":"2023-08-01T23:59:58+00:00","dateModified":"2024-10-02T09:03:55+00:00","description":"Il Dr.Ufuk Askeroglu risponde se pensa che Kendall Jenner abbia subito qualche intervento di chirurgia plastica. Kendall Jenner prima dopo","breadcrumb":{"@id":"https:\/\/theaestheticscenterturkey.co.uk\/it\/kendall-jenner-prima-dopo\/#breadcrumb"},"inLanguage":"it-IT","potentialAction":[{"@type":"ReadAction","target":["https:\/\/theaestheticscenterturkey.co.uk\/it\/kendall-jenner-prima-dopo\/"]}]},{"@type":"ImageObject","inLanguage":"it-IT","@id":"https:\/\/theaestheticscenterturkey.co.uk\/it\/kendall-jenner-prima-dopo\/#primaryimage","url":"https:\/\/theaestheticscenterturkey.co.uk\/wp-content\/uploads\/2023\/08\/4-scaled-e1690934598736.jpg","contentUrl":"https:\/\/theaestheticscenterturkey.co.uk\/wp-content\/uploads\/2023\/08\/4-scaled-e1690934598736.jpg","width":1200,"height":812,"caption":"Kendall Jenner Before & After Plastic Suregry"},{"@type":"BreadcrumbList","@id":"https:\/\/theaestheticscenterturkey.co.uk\/it\/kendall-jenner-prima-dopo\/#breadcrumb","itemListElement":[{"@type":"ListItem","position":1,"name":"Home","item":"https:\/\/theaestheticscenterturkey.co.uk\/it\/"},{"@type":"ListItem","position":2,"name":"Kendall Jenner prima dopo"}]},{"@type":"WebSite","@id":"https:\/\/theaestheticscenterturkey.co.uk\/#website","url":"https:\/\/theaestheticscenterturkey.co.uk\/","name":"The Aesthetics Center Turkey","description":"","publisher":{"@id":"https:\/\/theaestheticscenterturkey.co.uk\/#organization"},"potentialAction":[{"@type":"SearchAction","target":{"@type":"EntryPoint","urlTemplate":"https:\/\/theaestheticscenterturkey.co.uk\/?s={search_term_string}"},"query-input":{"@type":"PropertyValueSpecification","valueRequired":true,"valueName":"search_term_string"}}],"inLanguage":"it-IT"},{"@type":"Organization","@id":"https:\/\/theaestheticscenterturkey.co.uk\/#organization","name":"The Aesthetics Center Turkey","url":"https:\/\/theaestheticscenterturkey.co.uk\/","logo":{"@type":"ImageObject","inLanguage":"it-IT","@id":"https:\/\/theaestheticscenterturkey.co.uk\/#\/schema\/logo\/image\/","url":"https:\/\/theaestheticscenterturkey.co.uk\/wp-content\/uploads\/2023\/11\/logo-01-1-e1699660756266.png","contentUrl":"https:\/\/theaestheticscenterturkey.co.uk\/wp-content\/uploads\/2023\/11\/logo-01-1-e1699660756266.png","width":3500,"height":1449,"caption":"The Aesthetics Center Turkey"},"image":{"@id":"https:\/\/theaestheticscenterturkey.co.uk\/#\/schema\/logo\/image\/"},"sameAs":["https:\/\/www.facebook.com\/profile.php?id=61553577504457","https:\/\/www.instagram.com\/aestheticscenterturkey\/"]},{"@type":"Person","@id":"https:\/\/theaestheticscenterturkey.co.uk\/#\/schema\/person\/2ba5e5621d0381aa63b887fac1135f36","name":"admin","sameAs":["http:\/\/moddbeta.xyz\/aestheticstore"],"url":"https:\/\/theaestheticscenterturkey.co.uk\/it\/author\/admin\/"}]}},"_links":{"self":[{"href":"https:\/\/theaestheticscenterturkey.co.uk\/it\/wp-json\/wp\/v2\/posts\/12146","targetHints":{"allow":["GET"]}}],"collection":[{"href":"https:\/\/theaestheticscenterturkey.co.uk\/it\/wp-json\/wp\/v2\/posts"}],"about":[{"href":"https:\/\/theaestheticscenterturkey.co.uk\/it\/wp-json\/wp\/v2\/types\/post"}],"author":[{"embeddable":true,"href":"https:\/\/theaestheticscenterturkey.co.uk\/it\/wp-json\/wp\/v2\/users\/1"}],"replies":[{"embeddable":true,"href":"https:\/\/theaestheticscenterturkey.co.uk\/it\/wp-json\/wp\/v2\/comments?post=12146"}],"version-history":[{"count":2,"href":"https:\/\/theaestheticscenterturkey.co.uk\/it\/wp-json\/wp\/v2\/posts\/12146\/revisions"}],"predecessor-version":[{"id":12156,"href":"https:\/\/theaestheticscenterturkey.co.uk\/it\/wp-json\/wp\/v2\/posts\/12146\/revisions\/12156"}],"wp:featuredmedia":[{"embeddable":true,"href":"https:\/\/theaestheticscenterturkey.co.uk\/it\/wp-json\/wp\/v2\/media\/15427"}],"wp:attachment":[{"href":"https:\/\/theaestheticscenterturkey.co.uk\/it\/wp-json\/wp\/v2\/media?parent=12146"}],"wp:term":[{"taxonomy":"category","embeddable":true,"href":"https:\/\/theaestheticscenterturkey.co.uk\/it\/wp-json\/wp\/v2\/categories?post=12146"},{"taxonomy":"post_tag","embeddable":true,"href":"https:\/\/theaestheticscenterturkey.co.uk\/it\/wp-json\/wp\/v2\/tags?post=12146"}],"curies":[{"name":"wp","href":"https:\/\/api.w.org\/{rel}","templated":true}]}}