{"id":12150,"date":"2023-08-02T02:59:58","date_gmt":"2023-08-01T23:59:58","guid":{"rendered":"https:\/\/theaestheticscenterturkey.co.uk\/pt-pt\/kendall-jenner-before-after\/"},"modified":"2024-08-27T15:18:24","modified_gmt":"2024-08-27T12:18:24","slug":"kendall-jenner-antes-depois","status":"publish","type":"post","link":"https:\/\/theaestheticscenterturkey.co.uk\/pt-pt\/kendall-jenner-antes-depois\/","title":{"rendered":"Kendall Jenner Antes Depois"},"content":{"rendered":"[vc_row type=&#8221;in_container&#8221; full_screen_row_position=&#8221;middle&#8221; column_margin=&#8221;default&#8221; equal_height=&#8221;yes&#8221; column_direction=&#8221;default&#8221; column_direction_tablet=&#8221;default&#8221; column_direction_phone=&#8221;default&#8221; scene_position=&#8221;center&#8221; text_color=&#8221;dark&#8221; text_align=&#8221;left&#8221; row_border_radius=&#8221;none&#8221; row_border_radius_applies=&#8221;bg&#8221; overflow=&#8221;visible&#8221; overlay_strength=&#8221;0.3&#8243; gradient_direction=&#8221;left_to_right&#8221; shape_divider_position=&#8221;bottom&#8221; bg_image_animation=&#8221;none&#8221; gradient_type=&#8221;default&#8221; shape_type=&#8221;&#8221;][vc_column column_padding=&#8221;no-extra-padding&#8221; column_padding_tablet=&#8221;inherit&#8221; column_padding_phone=&#8221;inherit&#8221; column_padding_position=&#8221;left-right&#8221; column_element_direction_desktop=&#8221;default&#8221; column_element_spacing=&#8221;40px&#8221; desktop_text_alignment=&#8221;default&#8221; tablet_text_alignment=&#8221;default&#8221; phone_text_alignment=&#8221;default&#8221; background_color_opacity=&#8221;1&#8243; background_hover_color_opacity=&#8221;1&#8243; column_backdrop_filter=&#8221;none&#8221; font_color=&#8221;#000000&#8243; column_shadow=&#8221;none&#8221; column_border_radius=&#8221;none&#8221; column_link_target=&#8221;_self&#8221; column_position=&#8221;default&#8221; gradient_direction=&#8221;left_to_right&#8221; overlay_strength=&#8221;0.3&#8243; width=&#8221;1\/1&#8243; tablet_width_inherit=&#8221;default&#8221; animation_type=&#8221;default&#8221; bg_image_animation=&#8221;none&#8221; border_type=&#8221;simple&#8221; column_border_width=&#8221;none&#8221; column_border_style=&#8221;solid&#8221; column_padding_type=&#8221;default&#8221; gradient_type=&#8221;default&#8221;][nectar_responsive_text font_size_desktop=&#8221;20&#8243; font_size_phone=&#8221;20&#8243; font_line_height=&#8221;1.1&#8243;]\n<h1 style=\"text-align: center;\">Kendall Jenner antes e depois da cirurgia<\/h1>\n[\/nectar_responsive_text][vc_row_inner equal_height=&#8221;yes&#8221; column_margin=&#8221;default&#8221; column_direction=&#8221;default&#8221; column_direction_tablet=&#8221;default&#8221; column_direction_phone=&#8221;default&#8221; text_align=&#8221;left&#8221; row_position=&#8221;default&#8221; row_position_tablet=&#8221;inherit&#8221; row_position_phone=&#8221;inherit&#8221; overflow=&#8221;visible&#8221; pointer_events=&#8221;all&#8221;][vc_column_inner column_padding=&#8221;no-extra-padding&#8221; column_padding_tablet=&#8221;inherit&#8221; column_padding_phone=&#8221;inherit&#8221; column_padding_position=&#8221;all&#8221; column_element_direction_desktop=&#8221;default&#8221; column_element_spacing=&#8221;default&#8221; desktop_text_alignment=&#8221;default&#8221; tablet_text_alignment=&#8221;default&#8221; phone_text_alignment=&#8221;default&#8221; background_color_opacity=&#8221;1&#8243; background_hover_color_opacity=&#8221;1&#8243; column_backdrop_filter=&#8221;none&#8221; column_shadow=&#8221;none&#8221; column_border_radius=&#8221;none&#8221; column_link_target=&#8221;_self&#8221; overflow=&#8221;visible&#8221; gradient_direction=&#8221;left_to_right&#8221; overlay_strength=&#8221;0.3&#8243; width=&#8221;1\/1&#8243; tablet_width_inherit=&#8221;default&#8221; animation_type=&#8221;default&#8221; bg_image_animation=&#8221;none&#8221; border_type=&#8221;simple&#8221; column_border_width=&#8221;none&#8221; column_border_style=&#8221;solid&#8221;][vc_column_text]\n<h3>Beleza atemporal redefinida: o conto antes e depois de Kendall Jenner.<\/h3>\n[\/vc_column_text][divider line_type=&#8221;No Line&#8221;][\/vc_column_inner][\/vc_row_inner][image_with_animation image_url=&#8221;7630&#8243; image_size=&#8221;large&#8221; animation_type=&#8221;entrance&#8221; animation=&#8221;None&#8221; animation_movement_type=&#8221;transform_y&#8221; hover_animation=&#8221;none&#8221; alignment=&#8221;&#8221; border_radius=&#8221;none&#8221; box_shadow=&#8221;none&#8221; image_loading=&#8221;default&#8221; max_width=&#8221;100%&#8221; max_width_mobile=&#8221;default&#8221;][vc_column_text]\n<h3>Dr.Ufuk Askeroglu responde se acha que Kendall Jenner passou por alguma cirurgia pl\u00e1stica:<\/h3>\n[\/vc_column_text][vc_column_text]Como <a href=\"https:\/\/ufukaskeroglu.com\/en\/about-me\/\">cirurgi\u00e3o pl\u00e1stico<\/a> com anos de experi\u00eancia na \u00e1rea, v\u00e1rios pacientes e meios de comunica\u00e7\u00e3o me pediram para comentar sobre os rumores das cirurgias faciais de Kendall Jenner. Nos \u00faltimos anos, tem havido muita especula\u00e7\u00e3o sobre se Kendall Jenner passou ou n\u00e3o por procedimentos cosm\u00e9ticos para melhorar sua apar\u00eancia.[\/vc_column_text][image_with_animation image_url=&#8221;7626&#8243; image_size=&#8221;full&#8221; animation_type=&#8221;entrance&#8221; animation=&#8221;None&#8221; animation_movement_type=&#8221;transform_y&#8221; hover_animation=&#8221;none&#8221; alignment=&#8221;&#8221; border_radius=&#8221;none&#8221; box_shadow=&#8221;none&#8221; image_loading=&#8221;default&#8221; max_width=&#8221;100%&#8221; max_width_mobile=&#8221;default&#8221;][vc_column_text]\n<h3>Isen\u00e7\u00e3o de responsabilidade profissional<\/h3>\n<p>Em primeiro lugar, \u00e9 importante notar que, como profissional m\u00e9dico, n\u00e3o posso confirmar ou negar quaisquer especula\u00e7\u00f5es sobre as cirurgias de Kendall Jenner, a menos que a tenha tratado pessoalmente ou revisto os seus registos m\u00e9dicos. No entanto, com base em meu conhecimento e experi\u00eancia na \u00e1rea e depois de avaliar o antes e o desempenho de Kendall Jenner. depois das fotos, posso oferecer alguns insights sobre os poss\u00edveis procedimentos pelos quais Jenner pode ter sido submetido.<\/p>\n<h3>Especula\u00e7\u00e3o de rinoplastia de Kendall Jenner Kendall Jenner<\/h3>\n<p>Um dos procedimentos mais comuns que as celebridades optam \u00e9 a <a href=\"https:\/\/theaestheticscenterturkey.co.uk\/rhinoplastia-turkey\/\">rinoplastia<\/a>, tamb\u00e9m conhecida como pl\u00e1stica no nariz. Especula-se que Kendall Jenner pode ter se submetido a esse procedimento porque seu nariz parece mais fino e definido do que em seus primeiros anos. Se isso for verdade, o procedimento provavelmente foi realizado por um cirurgi\u00e3o experiente que obteve um resultado de apar\u00eancia natural.[\/vc_column_text][image_with_animation image_url=&#8221;7627&#8243; image_size=&#8221;full&#8221; animation_type=&#8221;entrance&#8221; animation=&#8221;None&#8221; animation_movement_type=&#8221;transform_y&#8221; hover_animation=&#8221;none&#8221; alignment=&#8221;&#8221; border_radius=&#8221;none&#8221; box_shadow=&#8221;none&#8221; image_loading=&#8221;default&#8221; max_width=&#8221;100%&#8221; max_width_mobile=&#8221;default&#8221;][vc_column_text]\n<h3>Especula\u00e7\u00e3o de aumento labial de Kendall Jenner Kendall Jenner<\/h3>\n<p>Outro procedimento poss\u00edvel \u00e9 o aumento dos l\u00e1bios, que envolve a inje\u00e7\u00e3o de preenchimentos nos l\u00e1bios para melhorar seu formato e tamanho. Os l\u00e1bios de Kendall Jenner parecem mais cheios do que antes, o que levou a especula\u00e7\u00f5es sobre preenchimento labial. No entanto, tamb\u00e9m \u00e9 poss\u00edvel que isso seja simplesmente o resultado de t\u00e9cnicas inteligentes de maquiagem.<\/p>\n<h3>Defini\u00e7\u00e3o e especula\u00e7\u00e3o do maxilar de Kendall Jenner<\/h3>\n<p>Al\u00e9m disso, o <a href=\"https:\/\/theaestheticscenterturkey.co.uk\/facial-fillers\/\">queixo<\/a> de Kendall Jenner parece ser mais definido e angular do que era no passado, o que levou a especula\u00e7\u00f5es sobre uma poss\u00edvel cirurgia de redu\u00e7\u00e3o do maxilar. Este procedimento envolve remodelar a mand\u00edbula para criar uma apar\u00eancia mais feminina e delicada. No entanto, \u00e9 importante observar que mudan\u00e7as no peso e nas t\u00e9cnicas de maquiagem tamb\u00e9m podem afetar a apar\u00eancia da linha do queixo.[\/vc_column_text][image_with_animation image_url=&#8221;7628&#8243; image_size=&#8221;full&#8221; animation_type=&#8221;entrance&#8221; animation=&#8221;None&#8221; animation_movement_type=&#8221;transform_y&#8221; hover_animation=&#8221;none&#8221; alignment=&#8221;&#8221; border_radius=&#8221;none&#8221; box_shadow=&#8221;none&#8221; image_loading=&#8221;default&#8221; max_width=&#8221;100%&#8221; max_width_mobile=&#8221;default&#8221;][vc_column_text]\n<h3>Especula\u00e7\u00e3o de aumento de sobrancelha de Kendall Jenner<\/h3>\n<p>Por fim, tamb\u00e9m especula-se que Kendall Jenner pode ter passado por uma <a href=\"https:\/\/theaestheticscenterturkey.co.uk\/endoscopic-medial-brow-lift\/\">eleva\u00e7\u00e3o de sobrancelha<\/a> para levantar as sobrancelhas e criar uma apar\u00eancia mais jovem. Este procedimento envolve a remo\u00e7\u00e3o do excesso de pele e tecido da \u00e1rea da testa para levantar as sobrancelhas e reduzir o aparecimento de rugas. Por\u00e9m, \u00e9 importante ressaltar que o uso de Botox e outros injet\u00e1veis \u200b\u200btamb\u00e9m pode alcan\u00e7ar resultado semelhante.[\/vc_column_text][vc_column_text]\n<h3>Mudando a apar\u00eancia ao longo dos anos (Kendall Jenner)<\/h3>\n<p>Concluindo, embora n\u00e3o possa confirmar ou negar se Kendall Jenner passou por algum procedimento cosm\u00e9tico, \u00e9 claro que sua apar\u00eancia mudou ao longo dos anos. Como cirurgi\u00e3o pl\u00e1stico, acredito que qualquer procedimento cosm\u00e9tico deve ser realizado por um profissional qualificado e experiente, que priorize resultados com aspecto natural. \u00c9 importante que os pacientes fa\u00e7am pesquisas e escolham um cirurgi\u00e3o qualificado que possa ajud\u00e1-los a alcan\u00e7ar os resultados desejados com seguran\u00e7a e efic\u00e1cia.<\/p>\n<p>Sinceramente,<\/p>\n<p>Dr.<\/p>\n<p>Cirurgi\u00e3o Pl\u00e1stico Turco[\/vc_column_text][\/vc_column][\/vc_row][vc_row type=&#8221;in_container&#8221; full_screen_row_position=&#8221;middle&#8221; column_margin=&#8221;default&#8221; column_direction=&#8221;default&#8221; column_direction_tablet=&#8221;default&#8221; column_direction_phone=&#8221;default&#8221; scene_position=&#8221;center&#8221; text_color=&#8221;dark&#8221; text_align=&#8221;left&#8221; row_border_radius=&#8221;none&#8221; row_border_radius_applies=&#8221;bg&#8221; overflow=&#8221;visible&#8221; overlay_strength=&#8221;0.3&#8243; gradient_direction=&#8221;left_to_right&#8221; shape_divider_position=&#8221;bottom&#8221; bg_image_animation=&#8221;none&#8221;][vc_column column_padding=&#8221;no-extra-padding&#8221; column_padding_tablet=&#8221;inherit&#8221; column_padding_phone=&#8221;inherit&#8221; column_padding_position=&#8221;all&#8221; column_element_direction_desktop=&#8221;default&#8221; column_element_spacing=&#8221;default&#8221; desktop_text_alignment=&#8221;default&#8221; tablet_text_alignment=&#8221;default&#8221; phone_text_alignment=&#8221;default&#8221; background_color_opacity=&#8221;1&#8243; background_hover_color_opacity=&#8221;1&#8243; column_backdrop_filter=&#8221;none&#8221; column_shadow=&#8221;none&#8221; column_border_radius=&#8221;none&#8221; column_link_target=&#8221;_self&#8221; column_position=&#8221;default&#8221; gradient_direction=&#8221;left_to_right&#8221; overlay_strength=&#8221;0.3&#8243; width=&#8221;1\/1&#8243; tablet_width_inherit=&#8221;default&#8221; animation_type=&#8221;default&#8221; bg_image_animation=&#8221;none&#8221; border_type=&#8221;simple&#8221; column_border_width=&#8221;none&#8221; column_border_style=&#8221;solid&#8221;][vc_raw_html]JTVCaW5zdGFncmFtLWZlZWQlMjBmZWVkJTNEMSU1RA==[\/vc_raw_html][\/vc_column][\/vc_row]\n","protected":false},"excerpt":{"rendered":"<p>[vc_row type=&#8221;in_container&#8221; full_screen_row_position=&#8221;middle&#8221; column_margin=&#8221;default&#8221; equal_height=&#8221;yes&#8221; column_direction=&#8221;default&#8221; column_direction_tablet=&#8221;default&#8221; column_direction_phone=&#8221;default&#8221; scene_position=&#8221;center&#8221; text_color=&#8221;dark&#8221; text_align=&#8221;left&#8221; row_border_radius=&#8221;none&#8221; row_border_radius_applies=&#8221;bg&#8221; overflow=&#8221;visible&#8221; overlay_strength=&#8221;0.3&#8243; gradient_direction=&#8221;left_to_right&#8221; shape_divider_position=&#8221;bottom&#8221; bg_image_animation=&#8221;none&#8221; gradient_type=&#8221;default&#8221; shape_type=&#8221;&#8221;][vc_column column_padding=&#8221;no-extra-padding&#8221; column_padding_tablet=&#8221;inherit&#8221; column_padding_phone=&#8221;inherit&#8221; column_padding_position=&#8221;left-right&#8221; column_element_direction_desktop=&#8221;default&#8221; column_element_spacing=&#8221;40px&#8221; desktop_text_alignment=&#8221;default&#8221; tablet_text_alignment=&#8221;default&#8221; phone_text_alignment=&#8221;default&#8221; background_color_opacity=&#8221;1&#8243;&#8230;<\/p>\n","protected":false},"author":1,"featured_media":0,"comment_status":"open","ping_status":"open","sticky":false,"template":"","format":"standard","meta":{"_joinchat":{"telephone":"+447354810109"},"footnotes":""},"categories":[1,153],"tags":[],"class_list":{"0":"post-12150","1":"post","2":"type-post","3":"status-publish","4":"format-standard","6":"category-general","7":"category-sem-categoria"},"yoast_head":"<!-- This site is optimized with the Yoast SEO plugin v27.4 - https:\/\/yoast.com\/product\/yoast-seo-wordpress\/ -->\n<title>Kendall Jenner Antes Depois - Aesthetic Center Turkey<\/title>\n<meta name=\"description\" content=\"Dr.Ufuk Askeroglu responde se ele acha que Kendall Jenner passou por alguma cirurgia pl\u00e1stica.Kendall Jenner Antes Depois\" \/>\n<meta name=\"robots\" content=\"index, follow, max-snippet:-1, max-image-preview:large, max-video-preview:-1\" \/>\n<link rel=\"canonical\" href=\"https:\/\/theaestheticscenterturkey.co.uk\/pt-pt\/kendall-jenner-antes-depois\/\" \/>\n<meta property=\"og:locale\" content=\"pt_PT\" \/>\n<meta property=\"og:type\" content=\"article\" \/>\n<meta property=\"og:title\" content=\"Kendall Jenner Antes Depois - Aesthetic Center Turkey\" \/>\n<meta property=\"og:description\" content=\"Dr.Ufuk Askeroglu responde se ele acha que Kendall Jenner passou por alguma cirurgia pl\u00e1stica.Kendall Jenner Antes Depois\" \/>\n<meta property=\"og:url\" content=\"https:\/\/theaestheticscenterturkey.co.uk\/pt-pt\/kendall-jenner-antes-depois\/\" \/>\n<meta property=\"og:site_name\" content=\"Aesthetic Center Turkey\" \/>\n<meta property=\"article:publisher\" content=\"https:\/\/www.facebook.com\/profile.php?id=61553577504457\" \/>\n<meta property=\"article:published_time\" content=\"2023-08-01T23:59:58+00:00\" \/>\n<meta property=\"article:modified_time\" content=\"2024-08-27T12:18:24+00:00\" \/>\n<meta property=\"og:image\" content=\"https:\/\/theaestheticscenterturkey.co.uk\/wp-content\/uploads\/2023\/06\/form-alani-yani-2.jpg\" \/>\n\t<meta property=\"og:image:width\" content=\"700\" \/>\n\t<meta property=\"og:image:height\" content=\"700\" \/>\n\t<meta property=\"og:image:type\" content=\"image\/jpeg\" \/>\n<meta name=\"author\" content=\"admin\" \/>\n<meta name=\"twitter:card\" content=\"summary_large_image\" \/>\n<meta name=\"twitter:label1\" content=\"Escrito por\" \/>\n\t<meta name=\"twitter:data1\" content=\"admin\" \/>\n\t<meta name=\"twitter:label2\" content=\"Tempo estimado de leitura\" \/>\n\t<meta name=\"twitter:data2\" content=\"4 minutos\" \/>\n<script type=\"application\/ld+json\" class=\"yoast-schema-graph\">{\"@context\":\"https:\\\/\\\/schema.org\",\"@graph\":[{\"@type\":\"Article\",\"@id\":\"https:\\\/\\\/theaestheticscenterturkey.co.uk\\\/pt-pt\\\/kendall-jenner-antes-depois\\\/#article\",\"isPartOf\":{\"@id\":\"https:\\\/\\\/theaestheticscenterturkey.co.uk\\\/pt-pt\\\/kendall-jenner-antes-depois\\\/\"},\"author\":{\"name\":\"admin\",\"@id\":\"https:\\\/\\\/theaestheticscenterturkey.co.uk\\\/#\\\/schema\\\/person\\\/2ba5e5621d0381aa63b887fac1135f36\"},\"headline\":\"Kendall Jenner Antes Depois\",\"datePublished\":\"2023-08-01T23:59:58+00:00\",\"dateModified\":\"2024-08-27T12:18:24+00:00\",\"mainEntityOfPage\":{\"@id\":\"https:\\\/\\\/theaestheticscenterturkey.co.uk\\\/pt-pt\\\/kendall-jenner-antes-depois\\\/\"},\"wordCount\":1286,\"commentCount\":0,\"publisher\":{\"@id\":\"https:\\\/\\\/theaestheticscenterturkey.co.uk\\\/#organization\"},\"articleSection\":[\"General\"],\"inLanguage\":\"pt-PT\"},{\"@type\":\"WebPage\",\"@id\":\"https:\\\/\\\/theaestheticscenterturkey.co.uk\\\/pt-pt\\\/kendall-jenner-antes-depois\\\/\",\"url\":\"https:\\\/\\\/theaestheticscenterturkey.co.uk\\\/pt-pt\\\/kendall-jenner-antes-depois\\\/\",\"name\":\"Kendall Jenner Antes Depois - Aesthetic Center Turkey\",\"isPartOf\":{\"@id\":\"https:\\\/\\\/theaestheticscenterturkey.co.uk\\\/#website\"},\"datePublished\":\"2023-08-01T23:59:58+00:00\",\"dateModified\":\"2024-08-27T12:18:24+00:00\",\"description\":\"Dr.Ufuk Askeroglu responde se ele acha que Kendall Jenner passou por alguma cirurgia pl\u00e1stica.Kendall Jenner Antes Depois\",\"breadcrumb\":{\"@id\":\"https:\\\/\\\/theaestheticscenterturkey.co.uk\\\/pt-pt\\\/kendall-jenner-antes-depois\\\/#breadcrumb\"},\"inLanguage\":\"pt-PT\",\"potentialAction\":[{\"@type\":\"ReadAction\",\"target\":[\"https:\\\/\\\/theaestheticscenterturkey.co.uk\\\/pt-pt\\\/kendall-jenner-antes-depois\\\/\"]}]},{\"@type\":\"BreadcrumbList\",\"@id\":\"https:\\\/\\\/theaestheticscenterturkey.co.uk\\\/pt-pt\\\/kendall-jenner-antes-depois\\\/#breadcrumb\",\"itemListElement\":[{\"@type\":\"ListItem\",\"position\":1,\"name\":\"Home\",\"item\":\"https:\\\/\\\/theaestheticscenterturkey.co.uk\\\/pt-pt\\\/\"},{\"@type\":\"ListItem\",\"position\":2,\"name\":\"Kendall Jenner Antes Depois\"}]},{\"@type\":\"WebSite\",\"@id\":\"https:\\\/\\\/theaestheticscenterturkey.co.uk\\\/#website\",\"url\":\"https:\\\/\\\/theaestheticscenterturkey.co.uk\\\/\",\"name\":\"The Aesthetics Center Turkey\",\"description\":\"\",\"publisher\":{\"@id\":\"https:\\\/\\\/theaestheticscenterturkey.co.uk\\\/#organization\"},\"potentialAction\":[{\"@type\":\"SearchAction\",\"target\":{\"@type\":\"EntryPoint\",\"urlTemplate\":\"https:\\\/\\\/theaestheticscenterturkey.co.uk\\\/?s={search_term_string}\"},\"query-input\":{\"@type\":\"PropertyValueSpecification\",\"valueRequired\":true,\"valueName\":\"search_term_string\"}}],\"inLanguage\":\"pt-PT\"},{\"@type\":\"Organization\",\"@id\":\"https:\\\/\\\/theaestheticscenterturkey.co.uk\\\/#organization\",\"name\":\"The Aesthetics Center Turkey\",\"url\":\"https:\\\/\\\/theaestheticscenterturkey.co.uk\\\/\",\"logo\":{\"@type\":\"ImageObject\",\"inLanguage\":\"pt-PT\",\"@id\":\"https:\\\/\\\/theaestheticscenterturkey.co.uk\\\/#\\\/schema\\\/logo\\\/image\\\/\",\"url\":\"https:\\\/\\\/theaestheticscenterturkey.co.uk\\\/wp-content\\\/uploads\\\/2023\\\/11\\\/logo-01-1-e1699660756266.png\",\"contentUrl\":\"https:\\\/\\\/theaestheticscenterturkey.co.uk\\\/wp-content\\\/uploads\\\/2023\\\/11\\\/logo-01-1-e1699660756266.png\",\"width\":3500,\"height\":1449,\"caption\":\"The Aesthetics Center Turkey\"},\"image\":{\"@id\":\"https:\\\/\\\/theaestheticscenterturkey.co.uk\\\/#\\\/schema\\\/logo\\\/image\\\/\"},\"sameAs\":[\"https:\\\/\\\/www.facebook.com\\\/profile.php?id=61553577504457\",\"https:\\\/\\\/www.instagram.com\\\/aestheticscenterturkey\\\/\"]},{\"@type\":\"Person\",\"@id\":\"https:\\\/\\\/theaestheticscenterturkey.co.uk\\\/#\\\/schema\\\/person\\\/2ba5e5621d0381aa63b887fac1135f36\",\"name\":\"admin\",\"sameAs\":[\"http:\\\/\\\/moddbeta.xyz\\\/aestheticstore\"],\"url\":\"https:\\\/\\\/theaestheticscenterturkey.co.uk\\\/pt-pt\\\/author\\\/admin\\\/\"}]}<\/script>\n<!-- \/ Yoast SEO plugin. -->","yoast_head_json":{"title":"Kendall Jenner Antes Depois - Aesthetic Center Turkey","description":"Dr.Ufuk Askeroglu responde se ele acha que Kendall Jenner passou por alguma cirurgia pl\u00e1stica.Kendall Jenner Antes Depois","robots":{"index":"index","follow":"follow","max-snippet":"max-snippet:-1","max-image-preview":"max-image-preview:large","max-video-preview":"max-video-preview:-1"},"canonical":"https:\/\/theaestheticscenterturkey.co.uk\/pt-pt\/kendall-jenner-antes-depois\/","og_locale":"pt_PT","og_type":"article","og_title":"Kendall Jenner Antes Depois - Aesthetic Center Turkey","og_description":"Dr.Ufuk Askeroglu responde se ele acha que Kendall Jenner passou por alguma cirurgia pl\u00e1stica.Kendall Jenner Antes Depois","og_url":"https:\/\/theaestheticscenterturkey.co.uk\/pt-pt\/kendall-jenner-antes-depois\/","og_site_name":"Aesthetic Center Turkey","article_publisher":"https:\/\/www.facebook.com\/profile.php?id=61553577504457","article_published_time":"2023-08-01T23:59:58+00:00","article_modified_time":"2024-08-27T12:18:24+00:00","og_image":[{"width":700,"height":700,"url":"https:\/\/theaestheticscenterturkey.co.uk\/wp-content\/uploads\/2023\/06\/form-alani-yani-2.jpg","type":"image\/jpeg"}],"author":"admin","twitter_card":"summary_large_image","twitter_misc":{"Escrito por":"admin","Tempo estimado de leitura":"4 minutos"},"schema":{"@context":"https:\/\/schema.org","@graph":[{"@type":"Article","@id":"https:\/\/theaestheticscenterturkey.co.uk\/pt-pt\/kendall-jenner-antes-depois\/#article","isPartOf":{"@id":"https:\/\/theaestheticscenterturkey.co.uk\/pt-pt\/kendall-jenner-antes-depois\/"},"author":{"name":"admin","@id":"https:\/\/theaestheticscenterturkey.co.uk\/#\/schema\/person\/2ba5e5621d0381aa63b887fac1135f36"},"headline":"Kendall Jenner Antes Depois","datePublished":"2023-08-01T23:59:58+00:00","dateModified":"2024-08-27T12:18:24+00:00","mainEntityOfPage":{"@id":"https:\/\/theaestheticscenterturkey.co.uk\/pt-pt\/kendall-jenner-antes-depois\/"},"wordCount":1286,"commentCount":0,"publisher":{"@id":"https:\/\/theaestheticscenterturkey.co.uk\/#organization"},"articleSection":["General"],"inLanguage":"pt-PT"},{"@type":"WebPage","@id":"https:\/\/theaestheticscenterturkey.co.uk\/pt-pt\/kendall-jenner-antes-depois\/","url":"https:\/\/theaestheticscenterturkey.co.uk\/pt-pt\/kendall-jenner-antes-depois\/","name":"Kendall Jenner Antes Depois - Aesthetic Center Turkey","isPartOf":{"@id":"https:\/\/theaestheticscenterturkey.co.uk\/#website"},"datePublished":"2023-08-01T23:59:58+00:00","dateModified":"2024-08-27T12:18:24+00:00","description":"Dr.Ufuk Askeroglu responde se ele acha que Kendall Jenner passou por alguma cirurgia pl\u00e1stica.Kendall Jenner Antes Depois","breadcrumb":{"@id":"https:\/\/theaestheticscenterturkey.co.uk\/pt-pt\/kendall-jenner-antes-depois\/#breadcrumb"},"inLanguage":"pt-PT","potentialAction":[{"@type":"ReadAction","target":["https:\/\/theaestheticscenterturkey.co.uk\/pt-pt\/kendall-jenner-antes-depois\/"]}]},{"@type":"BreadcrumbList","@id":"https:\/\/theaestheticscenterturkey.co.uk\/pt-pt\/kendall-jenner-antes-depois\/#breadcrumb","itemListElement":[{"@type":"ListItem","position":1,"name":"Home","item":"https:\/\/theaestheticscenterturkey.co.uk\/pt-pt\/"},{"@type":"ListItem","position":2,"name":"Kendall Jenner Antes Depois"}]},{"@type":"WebSite","@id":"https:\/\/theaestheticscenterturkey.co.uk\/#website","url":"https:\/\/theaestheticscenterturkey.co.uk\/","name":"The Aesthetics Center Turkey","description":"","publisher":{"@id":"https:\/\/theaestheticscenterturkey.co.uk\/#organization"},"potentialAction":[{"@type":"SearchAction","target":{"@type":"EntryPoint","urlTemplate":"https:\/\/theaestheticscenterturkey.co.uk\/?s={search_term_string}"},"query-input":{"@type":"PropertyValueSpecification","valueRequired":true,"valueName":"search_term_string"}}],"inLanguage":"pt-PT"},{"@type":"Organization","@id":"https:\/\/theaestheticscenterturkey.co.uk\/#organization","name":"The Aesthetics Center Turkey","url":"https:\/\/theaestheticscenterturkey.co.uk\/","logo":{"@type":"ImageObject","inLanguage":"pt-PT","@id":"https:\/\/theaestheticscenterturkey.co.uk\/#\/schema\/logo\/image\/","url":"https:\/\/theaestheticscenterturkey.co.uk\/wp-content\/uploads\/2023\/11\/logo-01-1-e1699660756266.png","contentUrl":"https:\/\/theaestheticscenterturkey.co.uk\/wp-content\/uploads\/2023\/11\/logo-01-1-e1699660756266.png","width":3500,"height":1449,"caption":"The Aesthetics Center Turkey"},"image":{"@id":"https:\/\/theaestheticscenterturkey.co.uk\/#\/schema\/logo\/image\/"},"sameAs":["https:\/\/www.facebook.com\/profile.php?id=61553577504457","https:\/\/www.instagram.com\/aestheticscenterturkey\/"]},{"@type":"Person","@id":"https:\/\/theaestheticscenterturkey.co.uk\/#\/schema\/person\/2ba5e5621d0381aa63b887fac1135f36","name":"admin","sameAs":["http:\/\/moddbeta.xyz\/aestheticstore"],"url":"https:\/\/theaestheticscenterturkey.co.uk\/pt-pt\/author\/admin\/"}]}},"_links":{"self":[{"href":"https:\/\/theaestheticscenterturkey.co.uk\/pt-pt\/wp-json\/wp\/v2\/posts\/12150","targetHints":{"allow":["GET"]}}],"collection":[{"href":"https:\/\/theaestheticscenterturkey.co.uk\/pt-pt\/wp-json\/wp\/v2\/posts"}],"about":[{"href":"https:\/\/theaestheticscenterturkey.co.uk\/pt-pt\/wp-json\/wp\/v2\/types\/post"}],"author":[{"embeddable":true,"href":"https:\/\/theaestheticscenterturkey.co.uk\/pt-pt\/wp-json\/wp\/v2\/users\/1"}],"replies":[{"embeddable":true,"href":"https:\/\/theaestheticscenterturkey.co.uk\/pt-pt\/wp-json\/wp\/v2\/comments?post=12150"}],"version-history":[{"count":2,"href":"https:\/\/theaestheticscenterturkey.co.uk\/pt-pt\/wp-json\/wp\/v2\/posts\/12150\/revisions"}],"predecessor-version":[{"id":12164,"href":"https:\/\/theaestheticscenterturkey.co.uk\/pt-pt\/wp-json\/wp\/v2\/posts\/12150\/revisions\/12164"}],"wp:attachment":[{"href":"https:\/\/theaestheticscenterturkey.co.uk\/pt-pt\/wp-json\/wp\/v2\/media?parent=12150"}],"wp:term":[{"taxonomy":"category","embeddable":true,"href":"https:\/\/theaestheticscenterturkey.co.uk\/pt-pt\/wp-json\/wp\/v2\/categories?post=12150"},{"taxonomy":"post_tag","embeddable":true,"href":"https:\/\/theaestheticscenterturkey.co.uk\/pt-pt\/wp-json\/wp\/v2\/tags?post=12150"}],"curies":[{"name":"wp","href":"https:\/\/api.w.org\/{rel}","templated":true}]}}